{"id":21850,"date":"2022-01-03T10:39:52","date_gmt":"2022-01-03T16:39:52","guid":{"rendered":"https:\/\/encuentroinformativo.com.mx\/?p=21850"},"modified":"2022-01-03T10:39:56","modified_gmt":"2022-01-03T16:39:56","slug":"caos-en-central-de-autobuses-de-poza-rica-se-quejan-usuarios","status":"publish","type":"post","link":"https:\/\/encuentroinformativo.com.mx\/?p=21850","title":{"rendered":"Caos en central de autobuses de Poza Rica, se quejan usuarios"},"content":{"rendered":"\n<p><strong>Redacci\u00f3n<\/strong> <\/p>\n\n\n\n<p>Poza Rica, Ver.- Usuarios de la Central de Autobuses Poza Rica reportan caos en la central debido al retraso de m\u00e1s de dos horas de las unidades de transporte.&nbsp;<\/p>\n\n\n\n<p>Con el regreso a clases y termino del periodo vacacional para muchos, las centrales de autobuses de distintos puntos de la entidad se han visto rebasadas en el servicio que brindan.&nbsp;<\/p>\n\n\n\n<p>Sin embargo, en el caso de este municipio los pasajeros adem\u00e1s de esperar por un largo rato que arriben los veh\u00edculos que los transportar\u00e1n a su destino tambi\u00e9n padecen la falta de servicios sanitarios.<\/p>\n\n\n\n<p>Y es que bajo la excusa de que no cuentan con servicio de agua, no existen sanitarios en la central que est\u00e9n en operaciones.&nbsp;<\/p>\n\n\n\n<p>Adem\u00e1s de que afirman en algunos casos los trabajadores y\/o conductores no mostraron disposici\u00f3n para apoyar a quienes solicitan informaci\u00f3n sobre sus traslados.&nbsp;<br><\/p>\n\n\n\n<figure class=\"wp-block-image size-large\"><img loading=\"lazy\" decoding=\"async\" width=\"1024\" height=\"651\" src=\"https:\/\/encuentroinformativo.com.mx\/wp-content\/uploads\/2022\/01\/10342CEB-8517-44EA-A2FA-1E3F6A5A9655-1024x651.jpeg\" alt=\"\" class=\"wp-image-21852\" srcset=\"https:\/\/encuentroinformativo.com.mx\/wp-content\/uploads\/2022\/01\/10342CEB-8517-44EA-A2FA-1E3F6A5A9655-1024x651.jpeg 1024w, https:\/\/encuentroinformativo.com.mx\/wp-content\/uploads\/2022\/01\/10342CEB-8517-44EA-A2FA-1E3F6A5A9655-300x191.jpeg 300w, https:\/\/encuentroinformativo.com.mx\/wp-content\/uploads\/2022\/01\/10342CEB-8517-44EA-A2FA-1E3F6A5A9655-768x488.jpeg 768w, https:\/\/encuentroinformativo.com.mx\/wp-content\/uploads\/2022\/01\/10342CEB-8517-44EA-A2FA-1E3F6A5A9655-1536x976.jpeg 1536w, https:\/\/encuentroinformativo.com.mx\/wp-content\/uploads\/2022\/01\/10342CEB-8517-44EA-A2FA-1E3F6A5A9655.jpeg 1700w\" sizes=\"auto, (max-width: 1024px) 100vw, 1024px\" \/><\/figure>\n","protected":false},"excerpt":{"rendered":"<p>Redacci\u00f3n Poza Rica, Ver.- Usuarios de la Central de Autobuses Poza Rica reportan caos en la central debido al retraso de m\u00e1s de dos horas de las unidades de transporte.&nbsp; Con el regreso a clases y termino del periodo vacacional para muchos, las centrales de autobuses de distintos puntos de la entidad se han visto [&hellip;]<\/p>\n","protected":false},"author":1,"featured_media":21851,"comment_status":"open","ping_status":"open","sticky":false,"template":"","format":"standard","meta":{"_jetpack_memberships_contains_paid_content":false,"footnotes":""},"categories":[3],"tags":[],"class_list":["post-21850","post","type-post","status-publish","format-standard","has-post-thumbnail","hentry","category-xalapa"],"jetpack_featured_media_url":"https:\/\/encuentroinformativo.com.mx\/wp-content\/uploads\/2022\/01\/714645E6-22F0-437F-8BA4-911DD656385D.jpeg","jetpack_sharing_enabled":true,"jetpack_likes_enabled":true,"amp_enabled":true,"_links":{"self":[{"href":"https:\/\/encuentroinformativo.com.mx\/index.php?rest_route=\/wp\/v2\/posts\/21850","targetHints":{"allow":["GET"]}}],"collection":[{"href":"https:\/\/encuentroinformativo.com.mx\/index.php?rest_route=\/wp\/v2\/posts"}],"about":[{"href":"https:\/\/encuentroinformativo.com.mx\/index.php?rest_route=\/wp\/v2\/types\/post"}],"author":[{"embeddable":true,"href":"https:\/\/encuentroinformativo.com.mx\/index.php?rest_route=\/wp\/v2\/users\/1"}],"replies":[{"embeddable":true,"href":"https:\/\/encuentroinformativo.com.mx\/index.php?rest_route=%2Fwp%2Fv2%2Fcomments&post=21850"}],"version-history":[{"count":1,"href":"https:\/\/encuentroinformativo.com.mx\/index.php?rest_route=\/wp\/v2\/posts\/21850\/revisions"}],"predecessor-version":[{"id":21853,"href":"https:\/\/encuentroinformativo.com.mx\/index.php?rest_route=\/wp\/v2\/posts\/21850\/revisions\/21853"}],"wp:featuredmedia":[{"embeddable":true,"href":"https:\/\/encuentroinformativo.com.mx\/index.php?rest_route=\/wp\/v2\/media\/21851"}],"wp:attachment":[{"href":"https:\/\/encuentroinformativo.com.mx\/index.php?rest_route=%2Fwp%2Fv2%2Fmedia&parent=21850"}],"wp:term":[{"taxonomy":"category","embeddable":true,"href":"https:\/\/encuentroinformativo.com.mx\/index.php?rest_route=%2Fwp%2Fv2%2Fcategories&post=21850"},{"taxonomy":"post_tag","embeddable":true,"href":"https:\/\/encuentroinformativo.com.mx\/index.php?rest_route=%2Fwp%2Fv2%2Ftags&post=21850"}],"curies":[{"name":"wp","href":"https:\/\/api.w.org\/{rel}","templated":true}]}}