{"id":21872,"date":"2022-01-03T14:14:38","date_gmt":"2022-01-03T20:14:38","guid":{"rendered":"https:\/\/encuentroinformativo.com.mx\/?p=21872"},"modified":"2022-01-03T14:14:42","modified_gmt":"2022-01-03T20:14:42","slug":"ex-sindicalizados-del-sas-demandan-audiencia-con-alcaldesa","status":"publish","type":"post","link":"https:\/\/encuentroinformativo.com.mx\/?p=21872","title":{"rendered":"Ex sindicalizados del SAS demandan audiencia con alcaldesa"},"content":{"rendered":"\n<p><strong>Alejandro \u00c1vila<\/strong><\/p>\n\n\n\n<p>Veracruz, Ver.- A primera hora de este lunes, ex sindicalizados del Sistema de Agua y Saneamiento (SAS), acudieron al Palacio Municipal de Veracruz para exigir una audiencia con la alcaldesa, Patricia Lobeira Rodr\u00edguez, pues esperan entablar un di\u00e1logo  para que la panista los ayude a solucionar si problema legal que mantienen, por presuntos despidos injustificados desde hace 5 a\u00f1os.<\/p>\n\n\n\n<p>&#8220;Nosotros estamos pidiendo ahorita una audiencia para que escuche nuestro problema, aunque lo sabe muy bien, que lo escuche de viva voz y que le de soluci\u00f3n. Nosotros hemos sido muy prudentes en no tomar calles, en no hacer destrucci\u00f3n como otras personas lo hacen, entonces queremos que se nos escuche y que se nos de soluci\u00f3n, ya es tiempo, la gente est\u00e1 sufriendo, han fallecido varios compa\u00f1eros por las injusticias que se cometieron, ya se ha demostrado que es injusto lo que se hizo, que es una ilegalidad que se cometio, en entregar nuestra agua a empresas extranjeras. Bueno nosotros seguimos en pie de lucha y aunque a veces no hemos salido a las calles, es por las enfermedades, es por todo lo que ustedes conocen, la gente sigue sufriendo&#8221;, reclam\u00f3, la l\u00edder y vocera, Ang\u00e9lica Navarrete Mendoza.<\/p>\n\n\n\n<p>La lideresa mencion\u00f3 que son cerca de mil ex empleados los que est\u00e1n a\u00fan luchando por el presunto despido injustificado que les aplicaron hace 5 a\u00f1os, cuando Grupo MAS tom\u00f3 el control de la administraci\u00f3n del agua en los municipios de Veracruz y Boca del R\u00edo; adem\u00e1s de la Comisi\u00f3n de Agua de Boca del R\u00edo (CAB) en ese municipio.<\/p>\n\n\n\n<p>Se\u00f1al\u00f3 tambi\u00e9n que, todos los ex empleados sindicalizados y de base, ya se encuentran amparados y lograron que la Junta Estatal de Conciliaci\u00f3n y Arbitraje no archivara su caso, por lo que esperan un pronto resolutivo a favor.<\/p>\n\n\n\n<p>&#8220;El 19 de noviembre tuvimos audiencia, no se present\u00f3 el SAS, no se present\u00f3 Grupo MAS, no se present\u00f3 el Ayuntamiento de Medell\u00edn, por eso se difiri\u00f3 la fecha, la tenemos ahorita en abril, esperemos que ahorita el alcalde de Medell\u00edn ahora s\u00ed se notifique, para que de una vez por todas, si realmente ellos tienen la raz\u00f3n que lo demuestren, nosotros estamos seguros que en lo legal lo vamos a ganar y precisamente por eso es que demoran tanto&#8221;, culmin\u00f3.<\/p>\n","protected":false},"excerpt":{"rendered":"<p>Alejandro \u00c1vila Veracruz, Ver.- A primera hora de este lunes, ex sindicalizados del Sistema de Agua y Saneamiento (SAS), acudieron al Palacio Municipal de Veracruz para exigir una audiencia con la alcaldesa, Patricia Lobeira Rodr\u00edguez, pues esperan entablar un di\u00e1logo para que la panista los ayude a solucionar si problema legal que mantienen, por presuntos [&hellip;]<\/p>\n","protected":false},"author":1,"featured_media":21873,"comment_status":"open","ping_status":"open","sticky":false,"template":"","format":"standard","meta":{"_jetpack_memberships_contains_paid_content":false,"footnotes":""},"categories":[2],"tags":[],"class_list":["post-21872","post","type-post","status-publish","format-standard","has-post-thumbnail","hentry","category-estado"],"jetpack_featured_media_url":"https:\/\/encuentroinformativo.com.mx\/wp-content\/uploads\/2022\/01\/1D49855F-D84F-4997-B385-19177C830BD1.jpeg","jetpack_sharing_enabled":true,"jetpack_likes_enabled":true,"amp_enabled":true,"_links":{"self":[{"href":"https:\/\/encuentroinformativo.com.mx\/index.php?rest_route=\/wp\/v2\/posts\/21872","targetHints":{"allow":["GET"]}}],"collection":[{"href":"https:\/\/encuentroinformativo.com.mx\/index.php?rest_route=\/wp\/v2\/posts"}],"about":[{"href":"https:\/\/encuentroinformativo.com.mx\/index.php?rest_route=\/wp\/v2\/types\/post"}],"author":[{"embeddable":true,"href":"https:\/\/encuentroinformativo.com.mx\/index.php?rest_route=\/wp\/v2\/users\/1"}],"replies":[{"embeddable":true,"href":"https:\/\/encuentroinformativo.com.mx\/index.php?rest_route=%2Fwp%2Fv2%2Fcomments&post=21872"}],"version-history":[{"count":1,"href":"https:\/\/encuentroinformativo.com.mx\/index.php?rest_route=\/wp\/v2\/posts\/21872\/revisions"}],"predecessor-version":[{"id":21874,"href":"https:\/\/encuentroinformativo.com.mx\/index.php?rest_route=\/wp\/v2\/posts\/21872\/revisions\/21874"}],"wp:featuredmedia":[{"embeddable":true,"href":"https:\/\/encuentroinformativo.com.mx\/index.php?rest_route=\/wp\/v2\/media\/21873"}],"wp:attachment":[{"href":"https:\/\/encuentroinformativo.com.mx\/index.php?rest_route=%2Fwp%2Fv2%2Fmedia&parent=21872"}],"wp:term":[{"taxonomy":"category","embeddable":true,"href":"https:\/\/encuentroinformativo.com.mx\/index.php?rest_route=%2Fwp%2Fv2%2Fcategories&post=21872"},{"taxonomy":"post_tag","embeddable":true,"href":"https:\/\/encuentroinformativo.com.mx\/index.php?rest_route=%2Fwp%2Fv2%2Ftags&post=21872"}],"curies":[{"name":"wp","href":"https:\/\/api.w.org\/{rel}","templated":true}]}}