{"id":21875,"date":"2022-01-03T09:18:44","date_gmt":"2022-01-03T15:18:44","guid":{"rendered":"https:\/\/encuentroinformativo.com.mx\/?p=21875"},"modified":"2022-01-03T14:22:37","modified_gmt":"2022-01-03T20:22:37","slug":"mujeres-recargadas-2022","status":"publish","type":"post","link":"https:\/\/encuentroinformativo.com.mx\/?p=21875","title":{"rendered":"Mujeres Recargadas 2022"},"content":{"rendered":"\n<p><strong>N\u00fameros Rojos<\/strong><\/p>\n\n\n\n<p><strong>Brenda Caballero<\/strong><\/p>\n\n\n\n<p>Antes de iniciar la primera columna de Mujeres del 2022, perm\u00edtame recordar la frase de Michel Bachelet: \u201cCuando una mujer entra en pol\u00edtica, cambia la mujer; pero cuando muchas mujeres entran en pol\u00edtica, cambia la pol\u00edtica\u201d, y eso es lo que esperamos para este a\u00f1o: un cambio, pues m\u00e1s mujeres est\u00e1n en puestos clave de toma de decisiones: en Secretar\u00edas de Despacho, en dependencias, en organismos, en juzgados, en tribunales y Congresos, as\u00ed como al frente de estados y municipios en el pa\u00eds.<\/p>\n\n\n\n<p>Para empezar, los partidos pol\u00edticos ya deben de ir pensando en sus postulaciones con base en la normatividad de Equidad y G\u00e9nero en los 6 Estados que tendr\u00e1n elecciones para la gubernatura en este a\u00f1o: Aguascalientes, Durango, Hidalgo, Quintana Roo, Oaxaca y Tamaulipas. Las ganadoras se sumar\u00e1n a las 7 gobernadoras actuales: Layda Sansores, en Campeche; Indira Vizca\u00edno, en Colima; Claudia Sheinbaum, en Ciudad de M\u00e9xico; Maru Campos, de Chihuahua; Evelyn Salgado, en Guerrero; Lorena Cu\u00e9llar, en Tlaxcala; y Marina del Pilar \u00c1vila, en Baja California.<\/p>\n\n\n\n<p>Apenas hace unos d\u00edas, en el estado, tomaron protesta 49 mujeres quienes estar\u00e1n al frente del mismo n\u00famero de Ayuntamientos; sin embargo, a pesar de ser el mayor n\u00famero de alcaldesas que tiene un estado en el pa\u00eds, la brecha de g\u00e9nero es muy amplia pues en el estado tenemos 212 municipios que al traducirlo en porcentajes, hablamos que \u00fanicamente el 23 por ciento de los municipios en Veracruz son gobernados por mujeres.<\/p>\n\n\n\n<p>Pero continuando con la tradici\u00f3n y costumbre de esta primera columna del a\u00f1o de Mujeres Recargadas, demos paso a las que se visualiza ser\u00e1n factor para este 2022. Aclaro que no son las \u00fanicas, pero por cuesti\u00f3n de espacio mencionaremos algunas de ellas:<\/p>\n\n\n\n<p>Roc\u00edo Nahle Garc\u00eda.- Su tuit de ayer demuestra que seguir\u00e1 operando en Veracruz en aras de alcanzar la gubernatura en 2024, pues escribi\u00f3: \u201cEn este a\u00f1o, nos espera un arduo trabajo en el sector de energ\u00eda, pero tambi\u00e9n seguiremos apoyando el fortalecimiento de nuestro bello Veracruz\u2026\u201d De acuerdo a la paridad de g\u00e9nero que antecede al 2024 con 7 gobernadoras actuales, m\u00e1s las que se acumulen este a\u00f1o, que pueden ser 3, Nahle se coloca como la candidata ideal de Morena para suceder a Cuitl\u00e1huac Garc\u00eda Jim\u00e9nez. Lo \u00fanico que tiene que hacer la Secretar\u00eda de Energ\u00eda es estar en el \u00e1nimo del Presidente pues ya hemos visto que para AMLO, nadie es indispensable.<\/p>\n\n\n\n<p>Patricia Lobeira Rodr\u00edguez.- La manera en la que fue designada candidata a la Alcald\u00eda de Veracruz no es para nada la mejor forma de empoderar a las mujeres, sin embargo, las adversidades pol\u00edticas han hecho que Patricia se visualice como defensora de los derechos de las mujeres en el \u00e1mbito pol\u00edtico. Ahora tiene en sus manos el reto de hacer un&nbsp; buen gobierno y crear una identidad propia para que no sea identificada s\u00f3lo como \u201cla esposa de Miguel \u00c1ngel Yunes\u201d.<\/p>\n\n\n\n<p>Ruth Callejas Rold\u00e1n.- Con apenas unos meses como diputada local, Ruth ha ido asentando pol\u00edticamente en el escenario veracruzano; se le ha visto presentar iniciativas, acompa\u00f1ar a su dirigente Nacional en sus posicionamientos y sobre todo entablar una relaci\u00f3n con sus representados.<\/p>\n\n\n\n<p>Ver\u00f3nica Hern\u00e1ndez Giad\u00e1ns.- Con la salida de los 212 alcaldes, seguramente veremos en acci\u00f3n a la primera fiscal en Veracruz. As\u00ed que esperamos m\u00e1s detenciones en 2022, pero no por asuntos pol\u00edticos, sino porque verdaderamente hayan violentado la ley. Y s\u00ed, Ver\u00f3nica a\u00fan tiene la oportunidad de no dejar en la congeladora las denuncias de las mujeres que han sido violentadas y que esperan que sus demandas tengan el castigo que merecen los agresores.<\/p>\n\n\n\n<p>Cecilia Leyla Coronel Brizio.- A la sindicatura de la capital del Estado llega la contadora Cecilia, la misma que fungiera como tesorera de Ricardo Ahued Bardahuil cuando fue alcalde por primera vez de Xalapa. La que dejara al Ayuntamiento en N\u00fameros Negros y con dinero en la caja. Ella, aparte de ser excelente administradora, es amiga de Ahued. \u00bfSer\u00e1 que el hoy alcalde quiere tener una administraci\u00f3n tranquila mientras mira para otros horizontes?<\/p>\n\n\n\n<p>Elizabeth Morales Garc\u00eda.- A pesar de las adversidades pol\u00edticas, Elizabeth sigue trabajando, constantemente se le ve en&nbsp; varios estados de la Rep\u00fablica dando pl\u00e1ticas de liderazgo pol\u00edtico, erradicaci\u00f3n de la violencia pol\u00edtica en cuestiones de g\u00e9nero y paridad. Todo indica que anda tejiendo una red de mujeres en varios estados. \u00bfSer\u00e1 que de pol\u00edtica ya es activista?<\/p>\n\n\n\n<p>El 8 de julio de 2021 la Comisi\u00f3n Nacional Para Prevenir y Erradicar la Violencia contra las Mujeres (Conavim) declar\u00f3 admisible una nueva solicitud de Alerta de Violencia de G\u00e9nero con las Mujeres por Desaparici\u00f3n, as\u00ed es que este a\u00f1o pudi\u00e9ramos tener una tercera alerta de G\u00e9nero en Veracruz.<\/p>\n\n\n\n<p>Esperemos que este 2022 traiga cosas buenas para las veracruzanas, pero sobre todo una urgente disminuci\u00f3n de violencia y feminicidios.<\/p>\n\n\n\n<p>@NumerosRojos_BC<\/p>\n\n\n\n<p><a href=\"mailto:caballero_brenda@hotmail.com\" target=\"_blank\" rel=\"noreferrer noopener\">caballero_brenda@hotmail.com<\/a><\/p>\n","protected":false},"excerpt":{"rendered":"<p>N\u00fameros Rojos Brenda Caballero Antes de iniciar la primera columna de Mujeres del 2022, perm\u00edtame recordar la frase de Michel Bachelet: \u201cCuando una mujer entra en pol\u00edtica, cambia la mujer; pero cuando muchas mujeres entran en pol\u00edtica, cambia la pol\u00edtica\u201d, y eso es lo que esperamos para este a\u00f1o: un cambio, pues m\u00e1s mujeres est\u00e1n [&hellip;]<\/p>\n","protected":false},"author":1,"featured_media":387,"comment_status":"open","ping_status":"open","sticky":false,"template":"","format":"standard","meta":{"_jetpack_memberships_contains_paid_content":false,"footnotes":""},"categories":[11],"tags":[],"class_list":["post-21875","post","type-post","status-publish","format-standard","has-post-thumbnail","hentry","category-opinion"],"jetpack_featured_media_url":"https:\/\/encuentroinformativo.com.mx\/wp-content\/uploads\/2020\/03\/7CF8A22B-2764-47BE-8F7F-38FE9E5D6A2F.jpeg","jetpack_sharing_enabled":true,"jetpack_likes_enabled":true,"amp_enabled":true,"_links":{"self":[{"href":"https:\/\/encuentroinformativo.com.mx\/index.php?rest_route=\/wp\/v2\/posts\/21875","targetHints":{"allow":["GET"]}}],"collection":[{"href":"https:\/\/encuentroinformativo.com.mx\/index.php?rest_route=\/wp\/v2\/posts"}],"about":[{"href":"https:\/\/encuentroinformativo.com.mx\/index.php?rest_route=\/wp\/v2\/types\/post"}],"author":[{"embeddable":true,"href":"https:\/\/encuentroinformativo.com.mx\/index.php?rest_route=\/wp\/v2\/users\/1"}],"replies":[{"embeddable":true,"href":"https:\/\/encuentroinformativo.com.mx\/index.php?rest_route=%2Fwp%2Fv2%2Fcomments&post=21875"}],"version-history":[{"count":1,"href":"https:\/\/encuentroinformativo.com.mx\/index.php?rest_route=\/wp\/v2\/posts\/21875\/revisions"}],"predecessor-version":[{"id":21876,"href":"https:\/\/encuentroinformativo.com.mx\/index.php?rest_route=\/wp\/v2\/posts\/21875\/revisions\/21876"}],"wp:featuredmedia":[{"embeddable":true,"href":"https:\/\/encuentroinformativo.com.mx\/index.php?rest_route=\/wp\/v2\/media\/387"}],"wp:attachment":[{"href":"https:\/\/encuentroinformativo.com.mx\/index.php?rest_route=%2Fwp%2Fv2%2Fmedia&parent=21875"}],"wp:term":[{"taxonomy":"category","embeddable":true,"href":"https:\/\/encuentroinformativo.com.mx\/index.php?rest_route=%2Fwp%2Fv2%2Fcategories&post=21875"},{"taxonomy":"post_tag","embeddable":true,"href":"https:\/\/encuentroinformativo.com.mx\/index.php?rest_route=%2Fwp%2Fv2%2Ftags&post=21875"}],"curies":[{"name":"wp","href":"https:\/\/api.w.org\/{rel}","templated":true}]}}