{"id":21891,"date":"2022-01-04T12:29:03","date_gmt":"2022-01-04T18:29:03","guid":{"rendered":"https:\/\/encuentroinformativo.com.mx\/?p=21891"},"modified":"2022-01-04T12:15:49","modified_gmt":"2022-01-04T18:15:49","slug":"dialogos-pala-ciegos","status":"publish","type":"post","link":"https:\/\/encuentroinformativo.com.mx\/?p=21891","title":{"rendered":"\u00a1Di\u00e1logos pala-ciegos!"},"content":{"rendered":"\n<p><strong>Los Pol\u00edticos<\/strong><\/p>\n\n\n\n<p><strong>Salvador Mu\u00f1oz<\/strong><\/p>\n\n\n\n<p>* Suena el cel del Cuic:<\/p>\n\n\n\n<p><strong>\u2013\u00a1Holaaa!<\/strong><\/p>\n\n\n\n<p>\u2013Cuic! Soy Ch\u00edo\u2026 Tengo dos noticias sobre Sergio\u2026 una buena y una mala\u2026<\/p>\n\n\n\n<p><strong>\u2013A ver, cu\u00e1l es la buena\u2026<\/strong><\/p>\n\n\n\n<p>\u2013\u00a1Que le dio Covid!<\/p>\n\n\n\n<p><strong>\u2013No puedes ver eso como algo bueno\u2026 recuerda que nuestro Gur\u00fa dijo que yo soy incapaz\u2026<\/strong><\/p>\n\n\n\n<p>\u2013Ya s\u00e9 que eres un incapaz\u2026<\/p>\n\n\n\n<p><strong>\u2013\u00a1Ay! D\u00e9jame terminar: \u201cincapaz de llevar a cabo una injusticia en contra de nadie\u201d\u2026 mucho menos alegrarme de que le haya dado Covid a Sergio\u2026 hubiera sido a un Yunes\u2026<\/strong><\/p>\n\n\n\n<p>\u2013Tato es Yunes\u2026<\/p>\n\n\n\n<p><strong>\u2013Me refiero a otros Yunes\u2026<\/strong><\/p>\n\n\n\n<p>\u2013\u00bfPepe?<\/p>\n\n\n\n<p><strong>\u2013Fr\u00eda\u2026<\/strong><\/p>\n\n\n\n<p>\u2013\u00a1Sof\u00eda!<\/p>\n\n\n\n<p><strong>\u2013\u00a1Ay, que no! T\u00fa sabes a qui\u00e9nes me refiero\u2026 pero dime, \u00bfd\u00f3nde est\u00e1 lo bueno en que est\u00e9 enfermo de Covid, Sergio?<\/strong><\/p>\n\n\n\n<p>\u2013En que m\u00ednimo, dos semanitas lo tendremos en la cama\u2026<\/p>\n\n\n\n<p><strong>\u2013\u00a1Es casado!<\/strong><\/p>\n\n\n\n<p>\u2013\u00a1Lo tendremos enfermo, en la cama, en reposo!<\/p>\n\n\n\n<p><strong>\u2013Ah, ya\u2026 ya dec\u00eda que no pod\u00edas ser tan golosa\u2026 pero \u00bfcu\u00e1l es la mala noticia?<\/strong><\/p>\n\n\n\n<p>\u2013Que en las recientes encuestas que hay al interior de Morena, tengo un 35 por ciento de aceptaci\u00f3n para ser candidata, 23 puntos m\u00e1s por encima de Sergio\u2026<\/p>\n\n\n\n<p><strong>\u2013\u00a1Ah caray! \u00bfY eso no es bueno?<\/strong><br>\u2013\u00a1Pedazo de Hip\u00f3lito! \u00a1Ves y no ves! \u00a1Por eso te andan corriendo cada a\u00f1o del Palacio de Gobierno!<\/p>\n\n\n\n<p><strong>\u2013Pues veo que tienes una ventaja considerable con Sergio\u2026 no le veo problema alguno\u2026<\/strong><\/p>\n\n\n\n<p>\u2013Ganas me dan de mandarte a Emiliano Zapata con tu machete\u2026<\/p>\n\n\n\n<p><strong>\u2013Ya fui\u2026 el 31 de diciembre\u2026<\/strong><\/p>\n\n\n\n<p>\u2013No, tu machete, moruna, para que te relajes cortando pasto\u2026 te explico mejor: Mira, faltando menos de tres a\u00f1os para la renovaci\u00f3n de Gobernador, en este momento, yo tengo 35 por ciento de aceptaci\u00f3n si hoy se eligiera candidato seguida de Sergio Guti\u00e9rrez Luna, con 12 por ciento; luego viene Ahued, con 10 y Juan Javier G\u00f3mez Cazar\u00edn, con 5\u2026 capisce?<\/p>\n\n\n\n<p><strong>\u2013S\u00ed, sigues al frente con amplia ventaja\u2026<\/strong><\/p>\n\n\n\n<p>\u2013\u00a1Te digo! A ver, mira, yo vengo picando piedra desde el 2012 cuando era del PRD\u2026 En el 2015 fui legisladora por Morena\u2026 en el 2018, fui senadora y luego-luego, salt\u00e9 a la secretar\u00eda de Energ\u00eda para que apenas hace unos meses, el Presidente L\u00f3pez Obrador me pusiera entre sus \u201ccorcholatas\u201d y ya me ven todos como candidata a Gobernadora&#8230;<\/p>\n\n\n\n<p><strong>\u2013\u00a1Aj\u00e1! \u00bfY cu\u00e1l es el problema con Sergio?<\/strong><\/p>\n\n\n\n<p>\u2013\u00a1Que \u00e9l ya tambi\u00e9n es precandidato a la Gubernatura!<\/p>\n\n\n\n<p><strong>\u2013Pero con el 10 por ciento\u2026<\/strong><\/p>\n\n\n\n<p>\u2013\u00a1S\u00ed, tama\u00f1o de Bola 8! \u00a1Pero con apenas cuatro meses como Presidente de la Mesa Directiva de San L\u00e1zaro y ya es m\u00e1s conocido que el mismo Yisus!<\/p>\n\n\n\n<p><strong>\u2013\u00a1Ups!<\/strong><\/p>\n\n\n\n<p>\u2013Imagina entonces, en cuatro meses est\u00e1 haciendo lo que yo en seis u ocho a\u00f1os\u2026 y con tendencia a seguir creciendo en las preferencias porque es seguro que a estas alturas, \u00a1yo ya haya llegado a mi tope!<\/p>\n\n\n\n<p><strong>\u2013Bueno, pero al menos no saldr\u00e1 de Rey Mago este seis de enero\u2026<\/strong><\/p>\n\n\n\n<p>\u2013\u00a1Valiente consuelo! Ni s\u00e9 para qu\u00e9 te respaldo\u2026 mejor le marco a Bola 8\u2026<\/p>\n\n\n\n<p>*Por supuesto, esta pl\u00e1tica s\u00f3lo ocurre en la calenturienta cabeza de quien la escribe\u2026<\/p>\n\n\n\n<p><a>smcainito@gmail.com<\/a><\/p>\n","protected":false},"excerpt":{"rendered":"<p>Los Pol\u00edticos Salvador Mu\u00f1oz * Suena el cel del Cuic: \u2013\u00a1Holaaa! \u2013Cuic! Soy Ch\u00edo\u2026 Tengo dos noticias sobre Sergio\u2026 una buena y una mala\u2026 \u2013A ver, cu\u00e1l es la buena\u2026 \u2013\u00a1Que le dio Covid! \u2013No puedes ver eso como algo bueno\u2026 recuerda que nuestro Gur\u00fa dijo que yo soy incapaz\u2026 \u2013Ya s\u00e9 que eres un [&hellip;]<\/p>\n","protected":false},"author":1,"featured_media":387,"comment_status":"open","ping_status":"open","sticky":false,"template":"","format":"standard","meta":{"_jetpack_memberships_contains_paid_content":false,"footnotes":""},"categories":[11],"tags":[],"class_list":["post-21891","post","type-post","status-publish","format-standard","has-post-thumbnail","hentry","category-opinion"],"jetpack_featured_media_url":"https:\/\/encuentroinformativo.com.mx\/wp-content\/uploads\/2020\/03\/7CF8A22B-2764-47BE-8F7F-38FE9E5D6A2F.jpeg","jetpack_sharing_enabled":true,"jetpack_likes_enabled":true,"amp_enabled":true,"_links":{"self":[{"href":"https:\/\/encuentroinformativo.com.mx\/index.php?rest_route=\/wp\/v2\/posts\/21891","targetHints":{"allow":["GET"]}}],"collection":[{"href":"https:\/\/encuentroinformativo.com.mx\/index.php?rest_route=\/wp\/v2\/posts"}],"about":[{"href":"https:\/\/encuentroinformativo.com.mx\/index.php?rest_route=\/wp\/v2\/types\/post"}],"author":[{"embeddable":true,"href":"https:\/\/encuentroinformativo.com.mx\/index.php?rest_route=\/wp\/v2\/users\/1"}],"replies":[{"embeddable":true,"href":"https:\/\/encuentroinformativo.com.mx\/index.php?rest_route=%2Fwp%2Fv2%2Fcomments&post=21891"}],"version-history":[{"count":1,"href":"https:\/\/encuentroinformativo.com.mx\/index.php?rest_route=\/wp\/v2\/posts\/21891\/revisions"}],"predecessor-version":[{"id":21892,"href":"https:\/\/encuentroinformativo.com.mx\/index.php?rest_route=\/wp\/v2\/posts\/21891\/revisions\/21892"}],"wp:featuredmedia":[{"embeddable":true,"href":"https:\/\/encuentroinformativo.com.mx\/index.php?rest_route=\/wp\/v2\/media\/387"}],"wp:attachment":[{"href":"https:\/\/encuentroinformativo.com.mx\/index.php?rest_route=%2Fwp%2Fv2%2Fmedia&parent=21891"}],"wp:term":[{"taxonomy":"category","embeddable":true,"href":"https:\/\/encuentroinformativo.com.mx\/index.php?rest_route=%2Fwp%2Fv2%2Fcategories&post=21891"},{"taxonomy":"post_tag","embeddable":true,"href":"https:\/\/encuentroinformativo.com.mx\/index.php?rest_route=%2Fwp%2Fv2%2Ftags&post=21891"}],"curies":[{"name":"wp","href":"https:\/\/api.w.org\/{rel}","templated":true}]}}