{"id":21893,"date":"2022-01-04T13:03:14","date_gmt":"2022-01-04T19:03:14","guid":{"rendered":"https:\/\/encuentroinformativo.com.mx\/?p=21893"},"modified":"2022-01-04T13:03:17","modified_gmt":"2022-01-04T19:03:17","slug":"morenistas-piden-al-ayuntamiento-revocacion-de-concesion-a-grupo-mas","status":"publish","type":"post","link":"https:\/\/encuentroinformativo.com.mx\/?p=21893","title":{"rendered":"Morenistas piden al Ayuntamiento revocaci\u00f3n de concesi\u00f3n a Grupo MAS"},"content":{"rendered":"\n<p><strong>Alejandro \u00c1vila<\/strong><\/p>\n\n\n\n<p>Veracruz, Ver.- La diputada federal, Rosa Mar\u00eda Hern\u00e1ndez Espejo, en compa\u00f1ia de regidores del Ayuntamiento de Veracruz y diputados locales de MORENA, solicit\u00f3 al Cabildo de Veracruz que se vote en Sesi\u00f3n, la iniciaci\u00f3n de los tr\u00e1mites para revocar la concesi\u00f3n de Grupo MAS.<\/p>\n\n\n\n<p>&#8220;Estamos solicitandole al Cabildo que se vote por unanimidad, y le queremos a la presidenta municipal, que cuenta con el apoyo, tanto de la fracci\u00f3n de MORENA en el Cabildo, como de los diputados locales que representan al Congreso Local, y una servidora que representamos el Congreso Federal. La presidenta municipal tendr\u00e1 todo el apoyo, pero s\u00ed es importantisimo que se inicien ya los tr\u00e1mites&#8221;, apunt\u00f3.<\/p>\n\n\n\n<p>La legisladora federal, mencion\u00f3 que este lunes hicieron entrega de oficios a los 13 ediles del Ayuntamiento, los cuales fueron firmados de recibidos, donde se les presenta la propuesta y se les extiende la invitaci\u00f3n a sumarse a la iniciativa.<\/p>\n\n\n\n<p>&#8220;Pero estamos tratando de que sea por unanimidad, porque, porque dentro de las campa\u00f1as pol\u00edticas, cuando recorrimos el territorio, lo que los ciudadanos nos manifestaron, la principal demanda que recibimos es esa, ya no quieren m\u00e1s que el Grupo MAS tenga la concesi\u00f3n, porque es un derecho humano que se est\u00e1 vulnerando en este municipio de Veracruz&#8221;, destac\u00f3.<\/p>\n\n\n\n<p>Al respecto, dijo que Grupo MAS no ha cumplido con las metas de inversi\u00f3n y no se atiende a la poblaci\u00f3n en sus quejas, adem\u00e1s de que las tarifas aumentan un estimado de 2 por ciento mensual, dejando un pago exagerado para los ciudadanos.<\/p>\n","protected":false},"excerpt":{"rendered":"<p>Alejandro \u00c1vila Veracruz, Ver.- La diputada federal, Rosa Mar\u00eda Hern\u00e1ndez Espejo, en compa\u00f1ia de regidores del Ayuntamiento de Veracruz y diputados locales de MORENA, solicit\u00f3 al Cabildo de Veracruz que se vote en Sesi\u00f3n, la iniciaci\u00f3n de los tr\u00e1mites para revocar la concesi\u00f3n de Grupo MAS. &#8220;Estamos solicitandole al Cabildo que se vote por unanimidad, [&hellip;]<\/p>\n","protected":false},"author":1,"featured_media":21894,"comment_status":"open","ping_status":"open","sticky":false,"template":"","format":"standard","meta":{"_jetpack_memberships_contains_paid_content":false,"footnotes":""},"categories":[2],"tags":[],"class_list":["post-21893","post","type-post","status-publish","format-standard","has-post-thumbnail","hentry","category-estado"],"jetpack_featured_media_url":"https:\/\/encuentroinformativo.com.mx\/wp-content\/uploads\/2022\/01\/7E0F12F4-5A10-4DFB-9381-EF4BC616371B.jpeg","jetpack_sharing_enabled":true,"jetpack_likes_enabled":true,"amp_enabled":true,"_links":{"self":[{"href":"https:\/\/encuentroinformativo.com.mx\/index.php?rest_route=\/wp\/v2\/posts\/21893","targetHints":{"allow":["GET"]}}],"collection":[{"href":"https:\/\/encuentroinformativo.com.mx\/index.php?rest_route=\/wp\/v2\/posts"}],"about":[{"href":"https:\/\/encuentroinformativo.com.mx\/index.php?rest_route=\/wp\/v2\/types\/post"}],"author":[{"embeddable":true,"href":"https:\/\/encuentroinformativo.com.mx\/index.php?rest_route=\/wp\/v2\/users\/1"}],"replies":[{"embeddable":true,"href":"https:\/\/encuentroinformativo.com.mx\/index.php?rest_route=%2Fwp%2Fv2%2Fcomments&post=21893"}],"version-history":[{"count":1,"href":"https:\/\/encuentroinformativo.com.mx\/index.php?rest_route=\/wp\/v2\/posts\/21893\/revisions"}],"predecessor-version":[{"id":21895,"href":"https:\/\/encuentroinformativo.com.mx\/index.php?rest_route=\/wp\/v2\/posts\/21893\/revisions\/21895"}],"wp:featuredmedia":[{"embeddable":true,"href":"https:\/\/encuentroinformativo.com.mx\/index.php?rest_route=\/wp\/v2\/media\/21894"}],"wp:attachment":[{"href":"https:\/\/encuentroinformativo.com.mx\/index.php?rest_route=%2Fwp%2Fv2%2Fmedia&parent=21893"}],"wp:term":[{"taxonomy":"category","embeddable":true,"href":"https:\/\/encuentroinformativo.com.mx\/index.php?rest_route=%2Fwp%2Fv2%2Fcategories&post=21893"},{"taxonomy":"post_tag","embeddable":true,"href":"https:\/\/encuentroinformativo.com.mx\/index.php?rest_route=%2Fwp%2Fv2%2Ftags&post=21893"}],"curies":[{"name":"wp","href":"https:\/\/api.w.org\/{rel}","templated":true}]}}