{"id":21896,"date":"2022-01-04T13:28:03","date_gmt":"2022-01-04T19:28:03","guid":{"rendered":"https:\/\/encuentroinformativo.com.mx\/?p=21896"},"modified":"2022-01-04T13:28:07","modified_gmt":"2022-01-04T19:28:07","slug":"revisaran-trabajo-de-profeco-por-quejas-contra-grupo-mas","status":"publish","type":"post","link":"https:\/\/encuentroinformativo.com.mx\/?p=21896","title":{"rendered":"Revisar\u00e1n trabajo de PROFECO por quejas contra Grupo MAS"},"content":{"rendered":"\n<p><strong>Alejandro \u00c1vila<\/strong><\/p>\n\n\n\n<p>Veracruz, Ver.- La Procuradur\u00eda Federal del Consumidor (PROFECO) ha sido omisa a las quejas de los ciudadanos de Medell\u00edn de Bravo y Veracruz, sobre la empresa que administra el agua en ambos municipios, Grupo MAS, motivo por el cual se revisar\u00e1 su accionar, asegur\u00f3 la diputada federal, Rosa Mar\u00eda Hern\u00e1ndez Espejo.<\/p>\n\n\n\n<p>La legisladora veracruzana, dijo que hablar\u00e1 con el delegado federal, Manuel Huerta Ladr\u00f3n de Guevara, para que hable con el delegado y finalmente brinde el apoyo ante tantas quejas que existen de los ciudadanos por altos cobros y cortes de servicio injustificados.<\/p>\n\n\n\n<p>&#8220;Estamos dando un seguimiento al trabajo que est\u00e1 haciendo PROFECO, que creo que hasta el momento no ha sido el adecuado en este tema, los ciudadanos se quejan mucho de que van a PROFECO y practicamente el Grupo MAS tiene un escritorio tambi\u00e9n ah\u00ed y pues no les hacen caso los servidores p\u00fablicos federales, entonces vamos a hablar con nuestro delegado federal Manuel Huerta, para que ponga orden ah\u00ed y que llame a cuentas a estas autoridades de PROFECO, para que tambi\u00e9n se sumen y atiendan como debe ser a los ciudadanos&#8221;, subray\u00f3.<\/p>\n\n\n\n<p>A nivel nacional, las empresas TELMEX y CFE, son las que m\u00e1s quejas reciben en las delegaciones de PROFECO en la rep\u00fabluca mexicana; tan solo en la ubicada en Veracruz puerto, Grupo MAS, se coloca en la tercera posici\u00f3n, toda vez que usuarios reclaman el aumento de costos, pagos extras al anual anticipado, falta de servicio por ruptura de tuber\u00edas y cortes de servicio injustificado, entre otras.<\/p>\n\n\n\n<p>&#8220;Los ciudadanos nos dicen mucho a los diputados, a los representantes populares, de que no los atienden, de que practicamente les dicen, &#8216;no pues paga, mejor paga&#8217;, y de eso no se trata, si es un servicio mal dado, y que los ciudadanos comprueban&#8221;, remat\u00f3.<\/p>\n\n\n\n<p>Hern\u00e1ndez Espejo agreg\u00f3 que, existen diversos atropellos y abusos de la ciudadan\u00eda, entre los que destaca, la mala calidad del agua.<\/p>\n","protected":false},"excerpt":{"rendered":"<p>Alejandro \u00c1vila Veracruz, Ver.- La Procuradur\u00eda Federal del Consumidor (PROFECO) ha sido omisa a las quejas de los ciudadanos de Medell\u00edn de Bravo y Veracruz, sobre la empresa que administra el agua en ambos municipios, Grupo MAS, motivo por el cual se revisar\u00e1 su accionar, asegur\u00f3 la diputada federal, Rosa Mar\u00eda Hern\u00e1ndez Espejo. La legisladora [&hellip;]<\/p>\n","protected":false},"author":1,"featured_media":21897,"comment_status":"open","ping_status":"open","sticky":false,"template":"","format":"standard","meta":{"_jetpack_memberships_contains_paid_content":false,"footnotes":""},"categories":[2],"tags":[],"class_list":["post-21896","post","type-post","status-publish","format-standard","has-post-thumbnail","hentry","category-estado"],"jetpack_featured_media_url":"https:\/\/encuentroinformativo.com.mx\/wp-content\/uploads\/2022\/01\/5AFA597D-DCED-4E6B-9817-81B9FA5E8147.jpeg","jetpack_sharing_enabled":true,"jetpack_likes_enabled":true,"amp_enabled":true,"_links":{"self":[{"href":"https:\/\/encuentroinformativo.com.mx\/index.php?rest_route=\/wp\/v2\/posts\/21896","targetHints":{"allow":["GET"]}}],"collection":[{"href":"https:\/\/encuentroinformativo.com.mx\/index.php?rest_route=\/wp\/v2\/posts"}],"about":[{"href":"https:\/\/encuentroinformativo.com.mx\/index.php?rest_route=\/wp\/v2\/types\/post"}],"author":[{"embeddable":true,"href":"https:\/\/encuentroinformativo.com.mx\/index.php?rest_route=\/wp\/v2\/users\/1"}],"replies":[{"embeddable":true,"href":"https:\/\/encuentroinformativo.com.mx\/index.php?rest_route=%2Fwp%2Fv2%2Fcomments&post=21896"}],"version-history":[{"count":1,"href":"https:\/\/encuentroinformativo.com.mx\/index.php?rest_route=\/wp\/v2\/posts\/21896\/revisions"}],"predecessor-version":[{"id":21898,"href":"https:\/\/encuentroinformativo.com.mx\/index.php?rest_route=\/wp\/v2\/posts\/21896\/revisions\/21898"}],"wp:featuredmedia":[{"embeddable":true,"href":"https:\/\/encuentroinformativo.com.mx\/index.php?rest_route=\/wp\/v2\/media\/21897"}],"wp:attachment":[{"href":"https:\/\/encuentroinformativo.com.mx\/index.php?rest_route=%2Fwp%2Fv2%2Fmedia&parent=21896"}],"wp:term":[{"taxonomy":"category","embeddable":true,"href":"https:\/\/encuentroinformativo.com.mx\/index.php?rest_route=%2Fwp%2Fv2%2Fcategories&post=21896"},{"taxonomy":"post_tag","embeddable":true,"href":"https:\/\/encuentroinformativo.com.mx\/index.php?rest_route=%2Fwp%2Fv2%2Ftags&post=21896"}],"curies":[{"name":"wp","href":"https:\/\/api.w.org\/{rel}","templated":true}]}}