{"id":21902,"date":"2022-01-04T14:21:15","date_gmt":"2022-01-04T20:21:15","guid":{"rendered":"https:\/\/encuentroinformativo.com.mx\/?p=21902"},"modified":"2022-01-04T14:21:19","modified_gmt":"2022-01-04T20:21:19","slug":"inicia-aplicacion-de-segunda-dosis-de-vacunacion-para-menores","status":"publish","type":"post","link":"https:\/\/encuentroinformativo.com.mx\/?p=21902","title":{"rendered":"Inicia aplicaci\u00f3n de segunda dosis de vacunaci\u00f3n para menores"},"content":{"rendered":"\n<p><strong>Dar\u00edo Pale<\/strong><\/p>\n\n\n\n<p>Xalapa, Ver.- Todos los menores de 14 a\u00f1os que cumplan 15 hasta el 31 de diciembre, ya se pueden vacunar a partir de este martes as\u00ed lo dio a conocer el delegado de los programas federales del Bienestar, Manuel Huerta Ladr\u00f3n de Guevara.<\/p>\n\n\n\n<p>Entrevistado en el gimnasio Omega durante la aplicaci\u00f3n de la segunda dosis a los menores de edad, explic\u00f3 que si no pueden registrarse, pueden acudir a las diversas sedes instaladas para la vacunaci\u00f3n y s\u00ed los van a recibir.<\/p>\n\n\n\n<p>&#8220;Desde el d\u00eda de hoy, ya lo informamos ayer en Orizaba, lo venimos a decir hoy. Queremos que los j\u00f3venes se enteren&#8230; cualquier joven que cumpla a\u00f1os hasta el 31 de diciembre, que tendr\u00edan 14 de aqu\u00ed hasta entonces, pero por tener 14 y cumplir 15 este a\u00f1o, pueden venirse a vacunar con los mismos requisitos&#8221;, se\u00f1al\u00f3.<\/p>\n\n\n\n<p>Record\u00f3 que en Xalapa la vacuna se aplicar\u00e1 este martes y mi\u00e9rcoles, adem\u00e1s, seguir\u00e1n vacunando refuerzos de segundas dosis a los j\u00f3venes en donde haga falta y podr\u00e1n acudir a las sedes de esta capital.<\/p>\n\n\n\n<p>Asimismo, aquellos que no pudieron vacunarse en primera dosis, tambi\u00e9n podr\u00e1n acudir a vacunarse.<\/p>\n\n\n\n<p>Finalmente dio a conocer que &#8220;de 15 a 17 que no hayan tenido su primera vacuna pueden venir a vacunar en estos momentos que vamos a empezar a vacunar abiertamente a los que van a cumplir 15 este a\u00f1o&#8221;.<\/p>\n","protected":false},"excerpt":{"rendered":"<p>Dar\u00edo Pale Xalapa, Ver.- Todos los menores de 14 a\u00f1os que cumplan 15 hasta el 31 de diciembre, ya se pueden vacunar a partir de este martes as\u00ed lo dio a conocer el delegado de los programas federales del Bienestar, Manuel Huerta Ladr\u00f3n de Guevara. Entrevistado en el gimnasio Omega durante la aplicaci\u00f3n de la [&hellip;]<\/p>\n","protected":false},"author":1,"featured_media":21903,"comment_status":"open","ping_status":"open","sticky":false,"template":"","format":"standard","meta":{"_jetpack_memberships_contains_paid_content":false,"footnotes":""},"categories":[9],"tags":[],"class_list":["post-21902","post","type-post","status-publish","format-standard","has-post-thumbnail","hentry","category-salud"],"jetpack_featured_media_url":"https:\/\/encuentroinformativo.com.mx\/wp-content\/uploads\/2022\/01\/B2CC7CCD-F479-4548-9550-D931F0FE0809.jpeg","jetpack_sharing_enabled":true,"jetpack_likes_enabled":true,"amp_enabled":true,"_links":{"self":[{"href":"https:\/\/encuentroinformativo.com.mx\/index.php?rest_route=\/wp\/v2\/posts\/21902","targetHints":{"allow":["GET"]}}],"collection":[{"href":"https:\/\/encuentroinformativo.com.mx\/index.php?rest_route=\/wp\/v2\/posts"}],"about":[{"href":"https:\/\/encuentroinformativo.com.mx\/index.php?rest_route=\/wp\/v2\/types\/post"}],"author":[{"embeddable":true,"href":"https:\/\/encuentroinformativo.com.mx\/index.php?rest_route=\/wp\/v2\/users\/1"}],"replies":[{"embeddable":true,"href":"https:\/\/encuentroinformativo.com.mx\/index.php?rest_route=%2Fwp%2Fv2%2Fcomments&post=21902"}],"version-history":[{"count":1,"href":"https:\/\/encuentroinformativo.com.mx\/index.php?rest_route=\/wp\/v2\/posts\/21902\/revisions"}],"predecessor-version":[{"id":21904,"href":"https:\/\/encuentroinformativo.com.mx\/index.php?rest_route=\/wp\/v2\/posts\/21902\/revisions\/21904"}],"wp:featuredmedia":[{"embeddable":true,"href":"https:\/\/encuentroinformativo.com.mx\/index.php?rest_route=\/wp\/v2\/media\/21903"}],"wp:attachment":[{"href":"https:\/\/encuentroinformativo.com.mx\/index.php?rest_route=%2Fwp%2Fv2%2Fmedia&parent=21902"}],"wp:term":[{"taxonomy":"category","embeddable":true,"href":"https:\/\/encuentroinformativo.com.mx\/index.php?rest_route=%2Fwp%2Fv2%2Fcategories&post=21902"},{"taxonomy":"post_tag","embeddable":true,"href":"https:\/\/encuentroinformativo.com.mx\/index.php?rest_route=%2Fwp%2Fv2%2Ftags&post=21902"}],"curies":[{"name":"wp","href":"https:\/\/api.w.org\/{rel}","templated":true}]}}