{"id":21905,"date":"2022-01-04T16:12:34","date_gmt":"2022-01-04T22:12:34","guid":{"rendered":"https:\/\/encuentroinformativo.com.mx\/?p=21905"},"modified":"2022-01-04T16:12:37","modified_gmt":"2022-01-04T22:12:37","slug":"reestructuran-area-de-mantenimiento-urbano-en-boca","status":"publish","type":"post","link":"https:\/\/encuentroinformativo.com.mx\/?p=21905","title":{"rendered":"Reestructuran \u00e1rea de mantenimiento urbano en Boca"},"content":{"rendered":"\n<p><strong>Alejandro \u00c1vila<\/strong><\/p>\n\n\n\n<p>Boca del R\u00edo, Ver.- El alcalde Juan Manuel Unanue Abascal recibi\u00f3 solo 8 elementos de la ex direcci\u00f3n de Servicios Generales, la cual se encargaba de bacheo, embellecimiento de calles y unidades deportivas; ante la insuficiencia de personal, se decidi\u00f3 reestructurar la direcci\u00f3n y su plantilla de trabajo.<\/p>\n\n\n\n<p>En primera instancia, se cambi\u00f3 el nombre a la direcci\u00f3n, por Mantenimiento Urbano, quedando a cargo de Lucio Antonio Hern\u00e1ndez V\u00e1zquez, misma que tendr\u00e1 una subdirecci\u00f3n de Parques y Jardines.<\/p>\n\n\n\n<p>En evento realizado en la explanada frontal al Palacio Municipal de Boca del R\u00edo, Juan Manuel Unanue Abascal, present\u00f3 a los nuevos 150 elementos que se encargar\u00e1 de rehabilitan calles, banquetas, guarniciones, \u00e1reas verdes y unidades deportivas, donde destac\u00f3 se trabajar\u00e1 simult\u00e1neamente en zona tur\u00edstica y colonias populares.<\/p>\n\n\n\n<p>\u201cEstamos aqu\u00ed para dar atenci\u00f3n a una de las quejas m\u00e1s recurrentes de la gente, y para comenzar a dar cumplimiento a uno de los compromisos que empe\u00f1e en mi campa\u00f1a y que refrende el d\u00eda que jur\u00e9 protesta como presidente municipal. Una de las demandas m\u00e1s sentidas de la campa\u00f1a, fue la atenci\u00f3n al espacio p\u00fablico, raz\u00f3n por la cual iniciamos este evento, con toda la intenci\u00f3n de mejorar nuestros parques, jardines, unidades deportivas, calles, callejones y andadores peatonales, que van a cambiar desde este momento\u201d, destac\u00f3.<\/p>\n\n\n\n<p>El edil panista, dijo que este martes 4 de enero se inicia la mejora constante y permanente de los espacios p\u00fablicos de toda la ciudad.<\/p>\n","protected":false},"excerpt":{"rendered":"<p>Alejandro \u00c1vila Boca del R\u00edo, Ver.- El alcalde Juan Manuel Unanue Abascal recibi\u00f3 solo 8 elementos de la ex direcci\u00f3n de Servicios Generales, la cual se encargaba de bacheo, embellecimiento de calles y unidades deportivas; ante la insuficiencia de personal, se decidi\u00f3 reestructurar la direcci\u00f3n y su plantilla de trabajo. En primera instancia, se cambi\u00f3 [&hellip;]<\/p>\n","protected":false},"author":1,"featured_media":21906,"comment_status":"open","ping_status":"open","sticky":false,"template":"","format":"standard","meta":{"_jetpack_memberships_contains_paid_content":false,"footnotes":""},"categories":[2],"tags":[],"class_list":["post-21905","post","type-post","status-publish","format-standard","has-post-thumbnail","hentry","category-estado"],"jetpack_featured_media_url":"https:\/\/encuentroinformativo.com.mx\/wp-content\/uploads\/2022\/01\/575A87C2-58F2-4267-9570-DC125DC0F461.jpeg","jetpack_sharing_enabled":true,"jetpack_likes_enabled":true,"amp_enabled":true,"_links":{"self":[{"href":"https:\/\/encuentroinformativo.com.mx\/index.php?rest_route=\/wp\/v2\/posts\/21905","targetHints":{"allow":["GET"]}}],"collection":[{"href":"https:\/\/encuentroinformativo.com.mx\/index.php?rest_route=\/wp\/v2\/posts"}],"about":[{"href":"https:\/\/encuentroinformativo.com.mx\/index.php?rest_route=\/wp\/v2\/types\/post"}],"author":[{"embeddable":true,"href":"https:\/\/encuentroinformativo.com.mx\/index.php?rest_route=\/wp\/v2\/users\/1"}],"replies":[{"embeddable":true,"href":"https:\/\/encuentroinformativo.com.mx\/index.php?rest_route=%2Fwp%2Fv2%2Fcomments&post=21905"}],"version-history":[{"count":1,"href":"https:\/\/encuentroinformativo.com.mx\/index.php?rest_route=\/wp\/v2\/posts\/21905\/revisions"}],"predecessor-version":[{"id":21907,"href":"https:\/\/encuentroinformativo.com.mx\/index.php?rest_route=\/wp\/v2\/posts\/21905\/revisions\/21907"}],"wp:featuredmedia":[{"embeddable":true,"href":"https:\/\/encuentroinformativo.com.mx\/index.php?rest_route=\/wp\/v2\/media\/21906"}],"wp:attachment":[{"href":"https:\/\/encuentroinformativo.com.mx\/index.php?rest_route=%2Fwp%2Fv2%2Fmedia&parent=21905"}],"wp:term":[{"taxonomy":"category","embeddable":true,"href":"https:\/\/encuentroinformativo.com.mx\/index.php?rest_route=%2Fwp%2Fv2%2Fcategories&post=21905"},{"taxonomy":"post_tag","embeddable":true,"href":"https:\/\/encuentroinformativo.com.mx\/index.php?rest_route=%2Fwp%2Fv2%2Ftags&post=21905"}],"curies":[{"name":"wp","href":"https:\/\/api.w.org\/{rel}","templated":true}]}}