{"id":21911,"date":"2022-01-04T16:26:36","date_gmt":"2022-01-04T22:26:36","guid":{"rendered":"https:\/\/encuentroinformativo.com.mx\/?p=21911"},"modified":"2022-01-04T16:26:40","modified_gmt":"2022-01-04T22:26:40","slug":"niegan-alta-ocupacion-hospitalaria-por-casos-de-covid","status":"publish","type":"post","link":"https:\/\/encuentroinformativo.com.mx\/?p=21911","title":{"rendered":"Niegan alta ocupaci\u00f3n hospitalaria por casos de Covid"},"content":{"rendered":"\n<p><strong>Dar\u00edo Pale<\/strong><\/p>\n\n\n\n<p>Xalapa, Ver.- Es falso que la ocupaci\u00f3n hospitalaria en Veracruz este al cien por ciento por los casos de contagios del virus Sars cov-2 y sus variantes, as\u00ed lo dio a conocer el gobernador Cuitl\u00e1huac Garc\u00eda Jim\u00e9nez.<\/p>\n\n\n\n<p>En conferencia de prensa el ejecutivo estatal rechaz\u00f3 esta versi\u00f3n, y lament\u00f3 que algunos medios de comunicaci\u00f3n den noticias falsas a la poblaci\u00f3n.<\/p>\n\n\n\n<p>Lo anterior se debe a que este martes, se dio a conocer que al menos dos hospitales de Xalapa y uno de Veracruz est\u00e1n al \u201ctope\u201d de personas contagias de coronavirus o una de sus variantes, lo que ponen en alerta al estado en materia de salud a nivel nacional.<\/p>\n\n\n\n<p>Refiri\u00f3 que con la inmunizaci\u00f3n que se esta haciendo con la vacunaci\u00f3n contra el virus se ha logrado disminuir las cifras de contagios.<\/p>\n\n\n\n<p>Garc\u00eda Jim\u00e9nez detall\u00f3 que de acuerdo al reporte diario que le hace llegar la Secretar\u00eda de Salud en la entidad, se tiene el dato que solo la cl\u00ednica 11 del IMSS es la que esta en color naranja por la ocupaci\u00f3n de camas con ventiladores, pero no dej\u00f3 en claro no est\u00e1 al tope.<\/p>\n\n\n\n<p>Finalmente se\u00f1al\u00f3 que hay enfermedades respiratorias que se vuelven cr\u00f3nicas y que deben de hacer atendidas en un hospital, por lo que descart\u00f3 que todos los enfermos sean de covid-19 o alguna variante.<\/p>\n","protected":false},"excerpt":{"rendered":"<p>Dar\u00edo Pale Xalapa, Ver.- Es falso que la ocupaci\u00f3n hospitalaria en Veracruz este al cien por ciento por los casos de contagios del virus Sars cov-2 y sus variantes, as\u00ed lo dio a conocer el gobernador Cuitl\u00e1huac Garc\u00eda Jim\u00e9nez. En conferencia de prensa el ejecutivo estatal rechaz\u00f3 esta versi\u00f3n, y lament\u00f3 que algunos medios de [&hellip;]<\/p>\n","protected":false},"author":1,"featured_media":21912,"comment_status":"open","ping_status":"open","sticky":false,"template":"","format":"standard","meta":{"_jetpack_memberships_contains_paid_content":false,"footnotes":""},"categories":[9],"tags":[],"class_list":["post-21911","post","type-post","status-publish","format-standard","has-post-thumbnail","hentry","category-salud"],"jetpack_featured_media_url":"https:\/\/encuentroinformativo.com.mx\/wp-content\/uploads\/2022\/01\/0159C1F3-6102-45E5-961B-47DB60A59246.jpeg","jetpack_sharing_enabled":true,"jetpack_likes_enabled":true,"amp_enabled":true,"_links":{"self":[{"href":"https:\/\/encuentroinformativo.com.mx\/index.php?rest_route=\/wp\/v2\/posts\/21911","targetHints":{"allow":["GET"]}}],"collection":[{"href":"https:\/\/encuentroinformativo.com.mx\/index.php?rest_route=\/wp\/v2\/posts"}],"about":[{"href":"https:\/\/encuentroinformativo.com.mx\/index.php?rest_route=\/wp\/v2\/types\/post"}],"author":[{"embeddable":true,"href":"https:\/\/encuentroinformativo.com.mx\/index.php?rest_route=\/wp\/v2\/users\/1"}],"replies":[{"embeddable":true,"href":"https:\/\/encuentroinformativo.com.mx\/index.php?rest_route=%2Fwp%2Fv2%2Fcomments&post=21911"}],"version-history":[{"count":1,"href":"https:\/\/encuentroinformativo.com.mx\/index.php?rest_route=\/wp\/v2\/posts\/21911\/revisions"}],"predecessor-version":[{"id":21913,"href":"https:\/\/encuentroinformativo.com.mx\/index.php?rest_route=\/wp\/v2\/posts\/21911\/revisions\/21913"}],"wp:featuredmedia":[{"embeddable":true,"href":"https:\/\/encuentroinformativo.com.mx\/index.php?rest_route=\/wp\/v2\/media\/21912"}],"wp:attachment":[{"href":"https:\/\/encuentroinformativo.com.mx\/index.php?rest_route=%2Fwp%2Fv2%2Fmedia&parent=21911"}],"wp:term":[{"taxonomy":"category","embeddable":true,"href":"https:\/\/encuentroinformativo.com.mx\/index.php?rest_route=%2Fwp%2Fv2%2Fcategories&post=21911"},{"taxonomy":"post_tag","embeddable":true,"href":"https:\/\/encuentroinformativo.com.mx\/index.php?rest_route=%2Fwp%2Fv2%2Ftags&post=21911"}],"curies":[{"name":"wp","href":"https:\/\/api.w.org\/{rel}","templated":true}]}}