{"id":21914,"date":"2022-01-04T16:33:20","date_gmt":"2022-01-04T22:33:20","guid":{"rendered":"https:\/\/encuentroinformativo.com.mx\/?p=21914"},"modified":"2022-01-04T16:33:24","modified_gmt":"2022-01-04T22:33:24","slug":"mas-de-15-mil-planteles-abren-sus-puertas-para-el-retorno-a-clases","status":"publish","type":"post","link":"https:\/\/encuentroinformativo.com.mx\/?p=21914","title":{"rendered":"M\u00e1s de 15 mil planteles abren sus puertas para el retorno a clases"},"content":{"rendered":"\n<p><strong>Dar\u00edo Pale<\/strong> <\/p>\n\n\n\n<p>Xalapa, Ver.- M\u00e1s de 15 mil planteles abrieron sus puertas para el retorno a clases presenciales, adem\u00e1s de que del 17 al 21 de enero se vacunar\u00e1 a m\u00e1s de 177 mil trabajadores de la educaci\u00f3n, as\u00ed lo inform\u00f3 el gobernador del estado Cuitl\u00e1huac Garc\u00eda Jim\u00e9nez.<\/p>\n\n\n\n<p>En conferencia de prensa realizada en la sala de Banderas de Palacio de Gobierno inform\u00f3 que el pasado 3 de enero, m\u00e1s de 15 mil planteles educativos abrieron sus puertas para el regreso a clases presenciales.<\/p>\n\n\n\n<p>Se\u00f1al\u00f3 que algunas escuelas retomaron las clases de manera virtual, aunque dej\u00f3 en claro, el ciclo escolar se retomo de manera puntual, no obstante que algunas de las escuelas, en su calendario les marca hasta el mes de febrero, por lo que se tendr\u00e1 que esperar a que puedan seguir las indicaciones de la Secretar\u00eda de Educaci\u00f3n de Veracruz (SEV) y la Secretar\u00eda de Educaci\u00f3n P\u00fablica (SEP).<\/p>\n\n\n\n<p>El gobernador coment\u00f3 que ante este inminente regreso a clases presenciales, se vacunar\u00e1 a los docentes y a toda la poblaci\u00f3n de manera permanente contra el virus sars cov -2 y sus variantes, por lo que dijo que de manera anual se har\u00e1n las jornadas de inmunizaci\u00f3n.<\/p>\n\n\n\n<p>\u201cNos vamos acostumbrar a que cada a\u00f1o, cada a\u00f1o y medio se va a abrir vacunaci\u00f3n para influenza y vacunaci\u00f3n contra el coronavirus por qu\u00e9 el virus va mutando y se necesita la vacunaci\u00f3n\u201d, se\u00f1al\u00f3.<\/p>\n\n\n\n<p>Cuitl\u00e1huac Garc\u00eda reconoci\u00f3 que cada \u00e9poca invernal las enfermedades respiratorias se complican, por lo que es necesario que se refuercen las dosis anti covid y la de la influenza, adem\u00e1s, expuso que como reconocimiento al sector educativo es que se les aplicar\u00e1 un refuerzo de la vacuna anticovid en los siguientes d\u00edas.<\/p>\n\n\n\n<p>Incluso, dijo, no importa el tipo de vacuna que sea, siempre y cuando est\u00e1 refuerce su sistema inmunol\u00f3gico para evitar se contagien del virus sars cov-2 y sus variantes y \u00a0que con este plan de vacunaci\u00f3n, Veracruz no caer\u00e1 en rojo y mucho menos en la cuarta ola de contagios como ya se est\u00e1 registrando en otros estados.<\/p>\n\n\n\n<p>En otro orden de ideas el gobernador inform\u00f3 que m\u00e1s de 177 mil trabajadores del sector educativo ser\u00e1n vacunados a partir del 17 de enero y hasta el 21 del mismo mes, subray\u00f3 que la inmunidad es de seis meses a a\u00f1o y medio.<\/p>\n\n\n\n<p>\u201cRequiere un tipo de premio este compromiso del magisterio que est\u00e1 en clases. Esto va como un reconocimiento al magisterio veracruzano qu\u00e9 retom\u00f3 la idea de regresar a clases cuidando las medidas sanitarias&#8221;, indic\u00f3.<\/p>\n\n\n\n<p>En relaci\u00f3n a la vacuna que se estar\u00eda aplicando a los trabajadores de la educaci\u00f3n, el mandatario Estatal dijo que no entrar\u00edan en la guerra comercial de las farmac\u00e9uticas, fue as\u00ed que opin\u00f3 que la mejor vacuna &#8220;es la que te pones&#8221;.<\/p>\n\n\n\n<p>Reconoci\u00f3 a los trabajadores del sector que no se opusieron a ponerse la vacuna, la que fuera, todav\u00eda es que ello evit\u00f3 qu\u00e9 Veracruz estuvieran sem\u00e1foro rojo en la segunda y tercera ola.<\/p>\n\n\n\n<p>Finalmente en ese sentido, el mandatario estatal, estim\u00f3 que Veracruz no llegar\u00e1 ni siquiera al sem\u00e1foro naranja durante la cuarta ola, si acaso al amarillo<\/p>\n","protected":false},"excerpt":{"rendered":"<p>Dar\u00edo Pale Xalapa, Ver.- M\u00e1s de 15 mil planteles abrieron sus puertas para el retorno a clases presenciales, adem\u00e1s de que del 17 al 21 de enero se vacunar\u00e1 a m\u00e1s de 177 mil trabajadores de la educaci\u00f3n, as\u00ed lo inform\u00f3 el gobernador del estado Cuitl\u00e1huac Garc\u00eda Jim\u00e9nez. En conferencia de prensa realizada en la [&hellip;]<\/p>\n","protected":false},"author":1,"featured_media":17429,"comment_status":"open","ping_status":"open","sticky":false,"template":"","format":"standard","meta":{"_jetpack_memberships_contains_paid_content":false,"footnotes":""},"categories":[2],"tags":[],"class_list":["post-21914","post","type-post","status-publish","format-standard","has-post-thumbnail","hentry","category-estado"],"jetpack_featured_media_url":"https:\/\/encuentroinformativo.com.mx\/wp-content\/uploads\/2021\/08\/BA16A34D-A26E-472E-B91F-10E6AA7855AC.jpeg","jetpack_sharing_enabled":true,"jetpack_likes_enabled":true,"amp_enabled":true,"_links":{"self":[{"href":"https:\/\/encuentroinformativo.com.mx\/index.php?rest_route=\/wp\/v2\/posts\/21914","targetHints":{"allow":["GET"]}}],"collection":[{"href":"https:\/\/encuentroinformativo.com.mx\/index.php?rest_route=\/wp\/v2\/posts"}],"about":[{"href":"https:\/\/encuentroinformativo.com.mx\/index.php?rest_route=\/wp\/v2\/types\/post"}],"author":[{"embeddable":true,"href":"https:\/\/encuentroinformativo.com.mx\/index.php?rest_route=\/wp\/v2\/users\/1"}],"replies":[{"embeddable":true,"href":"https:\/\/encuentroinformativo.com.mx\/index.php?rest_route=%2Fwp%2Fv2%2Fcomments&post=21914"}],"version-history":[{"count":1,"href":"https:\/\/encuentroinformativo.com.mx\/index.php?rest_route=\/wp\/v2\/posts\/21914\/revisions"}],"predecessor-version":[{"id":21916,"href":"https:\/\/encuentroinformativo.com.mx\/index.php?rest_route=\/wp\/v2\/posts\/21914\/revisions\/21916"}],"wp:featuredmedia":[{"embeddable":true,"href":"https:\/\/encuentroinformativo.com.mx\/index.php?rest_route=\/wp\/v2\/media\/17429"}],"wp:attachment":[{"href":"https:\/\/encuentroinformativo.com.mx\/index.php?rest_route=%2Fwp%2Fv2%2Fmedia&parent=21914"}],"wp:term":[{"taxonomy":"category","embeddable":true,"href":"https:\/\/encuentroinformativo.com.mx\/index.php?rest_route=%2Fwp%2Fv2%2Fcategories&post=21914"},{"taxonomy":"post_tag","embeddable":true,"href":"https:\/\/encuentroinformativo.com.mx\/index.php?rest_route=%2Fwp%2Fv2%2Ftags&post=21914"}],"curies":[{"name":"wp","href":"https:\/\/api.w.org\/{rel}","templated":true}]}}