{"id":21922,"date":"2022-01-04T16:42:54","date_gmt":"2022-01-04T22:42:54","guid":{"rendered":"https:\/\/encuentroinformativo.com.mx\/?p=21922"},"modified":"2022-01-04T16:42:57","modified_gmt":"2022-01-04T22:42:57","slug":"sin-consultar-al-cabildo-ayuntamiento-de-veracruz-conforma-prodeagua","status":"publish","type":"post","link":"https:\/\/encuentroinformativo.com.mx\/?p=21922","title":{"rendered":"Sin consultar al Cabildo, Ayuntamiento de Veracruz conforma PRODEAGUA"},"content":{"rendered":"\n<p><strong>Alejandro \u00c1vila<\/strong><\/p>\n\n\n\n<p>Veracruz, Ver.- La alcaldesa de Veracruz, Patricia Lobeira Rodr\u00edguez, present\u00f3 una hora antes de ser aprobado por su Cabildo, la creaci\u00f3n de la Procuradur\u00eda de la Defensa del Consumidor de Agua (PRODEAGUA), misma que estar\u00e1 a cargo de Andr\u00e9s de la Parra, ex titular de la Fiscal\u00eda Especializada en Delitos Ambientales y Contra los Animales (FEDAyCA).<\/p>\n\n\n\n<p>La edil panista se\u00f1al\u00f3 que desde campa\u00f1a, una de las quejas m\u00e1s recurrentes, fue el servicio que brinda la empresa que administra el agua en Veracruz, Grupo MAS, por lo que se decidi\u00f3 crear esta Procuradur\u00eda, la cual destac\u00f3, es la primera en el Estado de Veracruz, y segunda a nivel nacional.<\/p>\n\n\n\n<p>&#8220;El objetivo principal de la Procuradur\u00eda, ser\u00e1 convertirse en el \u00f3rgano garante del derecho humano de acceso, disposici\u00f3n y saneamiento de agua, en forma suficiente, salubre, aceptable y asequible, conforme lo marca el art\u00edculo 4 de nuestra Carta Magna&#8221;, destac\u00f3 Andr\u00e9s de la Parra.<\/p>\n\n\n\n<p>Al respecto de la solicitud de los regidores, y diputados locales y federales de MORENA, para que se elimine la concesi\u00f3n a Grupo MAS, expuso que es algo que debe autorizarse por Congreso del Estado, donde MORENA tiene mayor\u00eda y en caso de autorizarlo, deber\u00edan de aportar Gobierno del Estado los casi 3 mil millones de pesos de multa por eliminar el contrato de concesi\u00f3n que se hizo a 30 a\u00f1os en 2018; aclar\u00f3 que el Ayuntamiento no podr\u00eda ejecutar ese pago, pues quedar\u00eda en bancarrota.<\/p>\n\n\n\n<p>Posterior al evento, se llev\u00f3 a cabo la sesi\u00f3n de Cabildo, donde en el punto n\u00famero 6 del orden del d\u00eda, se vot\u00f3 para la creaci\u00f3n de la PRODEAGUA; aunque los 6 regidores de MORENA votaron en contra, se aprob\u00f3 por mayor\u00eda.<\/p>\n","protected":false},"excerpt":{"rendered":"<p>Alejandro \u00c1vila Veracruz, Ver.- La alcaldesa de Veracruz, Patricia Lobeira Rodr\u00edguez, present\u00f3 una hora antes de ser aprobado por su Cabildo, la creaci\u00f3n de la Procuradur\u00eda de la Defensa del Consumidor de Agua (PRODEAGUA), misma que estar\u00e1 a cargo de Andr\u00e9s de la Parra, ex titular de la Fiscal\u00eda Especializada en Delitos Ambientales y Contra [&hellip;]<\/p>\n","protected":false},"author":1,"featured_media":21921,"comment_status":"open","ping_status":"open","sticky":false,"template":"","format":"standard","meta":{"_jetpack_memberships_contains_paid_content":false,"footnotes":""},"categories":[2],"tags":[],"class_list":["post-21922","post","type-post","status-publish","format-standard","has-post-thumbnail","hentry","category-estado"],"jetpack_featured_media_url":"https:\/\/encuentroinformativo.com.mx\/wp-content\/uploads\/2022\/01\/CA4CC0DE-9F1B-4262-A849-31640A4AF7F7.jpeg","jetpack_sharing_enabled":true,"jetpack_likes_enabled":true,"amp_enabled":true,"_links":{"self":[{"href":"https:\/\/encuentroinformativo.com.mx\/index.php?rest_route=\/wp\/v2\/posts\/21922","targetHints":{"allow":["GET"]}}],"collection":[{"href":"https:\/\/encuentroinformativo.com.mx\/index.php?rest_route=\/wp\/v2\/posts"}],"about":[{"href":"https:\/\/encuentroinformativo.com.mx\/index.php?rest_route=\/wp\/v2\/types\/post"}],"author":[{"embeddable":true,"href":"https:\/\/encuentroinformativo.com.mx\/index.php?rest_route=\/wp\/v2\/users\/1"}],"replies":[{"embeddable":true,"href":"https:\/\/encuentroinformativo.com.mx\/index.php?rest_route=%2Fwp%2Fv2%2Fcomments&post=21922"}],"version-history":[{"count":1,"href":"https:\/\/encuentroinformativo.com.mx\/index.php?rest_route=\/wp\/v2\/posts\/21922\/revisions"}],"predecessor-version":[{"id":21923,"href":"https:\/\/encuentroinformativo.com.mx\/index.php?rest_route=\/wp\/v2\/posts\/21922\/revisions\/21923"}],"wp:featuredmedia":[{"embeddable":true,"href":"https:\/\/encuentroinformativo.com.mx\/index.php?rest_route=\/wp\/v2\/media\/21921"}],"wp:attachment":[{"href":"https:\/\/encuentroinformativo.com.mx\/index.php?rest_route=%2Fwp%2Fv2%2Fmedia&parent=21922"}],"wp:term":[{"taxonomy":"category","embeddable":true,"href":"https:\/\/encuentroinformativo.com.mx\/index.php?rest_route=%2Fwp%2Fv2%2Fcategories&post=21922"},{"taxonomy":"post_tag","embeddable":true,"href":"https:\/\/encuentroinformativo.com.mx\/index.php?rest_route=%2Fwp%2Fv2%2Ftags&post=21922"}],"curies":[{"name":"wp","href":"https:\/\/api.w.org\/{rel}","templated":true}]}}