{"id":21929,"date":"2022-01-04T17:12:30","date_gmt":"2022-01-04T23:12:30","guid":{"rendered":"https:\/\/encuentroinformativo.com.mx\/?p=21929"},"modified":"2022-01-04T17:12:34","modified_gmt":"2022-01-04T23:12:34","slug":"xalapa-tendra-policia-confiable-y-de-calidad-alcalde","status":"publish","type":"post","link":"https:\/\/encuentroinformativo.com.mx\/?p=21929","title":{"rendered":"Xalapa tendr\u00e1 polic\u00eda confiable y de calidad: Alcalde"},"content":{"rendered":"\n<p>Xalapa, Ver.- El&nbsp;presidente&nbsp;municipal Ricardo Ahued Bardahuil asegur\u00f3 que ya se trabaja en un reordenamiento administrativo para que Xalapa cuente con una Polic\u00eda confiable y de calidad, como lo merece la ciudadan\u00eda.&nbsp;<\/p>\n\n\n\n<p>Agreg\u00f3 que para ello el Cabildo decidi\u00f3 nombrar al Capit\u00e1n de Corbeta Miguel Valdez Ram\u00edrez para ocupar la titularidad de la Direcci\u00f3n de Seguridad Ciudadana y Tr\u00e1nsito Municipal, a quien calific\u00f3 como una persona preparada y responsable, con&nbsp;una&nbsp;idea clara y la experiencia para&nbsp;administrar una instituci\u00f3n de seguridad.&nbsp;<\/p>\n\n\n\n<p>Ricardo Ahued&nbsp;dio a conocer que los cuatro veh\u00edculos recientemente entregados por la Presidencia a la Polic\u00eda Municipal ser\u00e1n destinados a la vigilancia&nbsp;del Centro Hist\u00f3rico y calles aleda\u00f1as;&nbsp;adem\u00e1s&nbsp;se realizar\u00e1 una evaluaci\u00f3n del resto del parque vehicular&nbsp;con el&nbsp;fin de asignar las unidades a las zonas donde se puedan desempe\u00f1ar mejor.&nbsp;<\/p>\n\n\n\n<p>Detall\u00f3 que&nbsp;los m\u00e1s de 400 elementos que conforman la instituci\u00f3n contar\u00e1n con programas de capacitaci\u00f3n continua, equipos e insumos necesarios para cumplir con su deber y brindar seguridad a las personas.&nbsp;<\/p>\n\n\n\n<p>En el marco del D\u00eda Internacional del Periodista, el Alcalde aprovech\u00f3 para felicitar a las y los periodistas que a diario cubren distintas fuentes informativas, de manera particular, la del Ayuntamiento.&nbsp;<\/p>\n\n\n\n<p>Cuestionado sobre la movilidad en la ciudad,&nbsp;manifest\u00f3 que ya se trabaja de manera coordinada con expertos en la materia para medir y conocer los aforos vehiculares en la zona centro y presentar opciones para agilizar&nbsp;el tr\u00e1nsito en&nbsp;las principales calles de la ciudad.<\/p>\n\n\n\n<p>Dentro de dichas opciones, dijo, se contempla una nueva sincronizaci\u00f3n de sem\u00e1foros en el primer cuadro de la ciudad y una evaluaci\u00f3n sobre la seguridad y oportunidades de mejora en la Ciclov\u00eda, pues contar con este tipo de infraestructura representa una necesidad y un derecho de la ciudadan\u00eda.<\/p>\n","protected":false},"excerpt":{"rendered":"<p>Xalapa, Ver.- El&nbsp;presidente&nbsp;municipal Ricardo Ahued Bardahuil asegur\u00f3 que ya se trabaja en un reordenamiento administrativo para que Xalapa cuente con una Polic\u00eda confiable y de calidad, como lo merece la ciudadan\u00eda.&nbsp; Agreg\u00f3 que para ello el Cabildo decidi\u00f3 nombrar al Capit\u00e1n de Corbeta Miguel Valdez Ram\u00edrez para ocupar la titularidad de la Direcci\u00f3n de Seguridad [&hellip;]<\/p>\n","protected":false},"author":1,"featured_media":21930,"comment_status":"open","ping_status":"open","sticky":false,"template":"","format":"standard","meta":{"_jetpack_memberships_contains_paid_content":false,"footnotes":""},"categories":[3],"tags":[],"class_list":["post-21929","post","type-post","status-publish","format-standard","has-post-thumbnail","hentry","category-xalapa"],"jetpack_featured_media_url":"https:\/\/encuentroinformativo.com.mx\/wp-content\/uploads\/2022\/01\/0C7D0388-617C-46F4-BEBD-68438EAF4A35.jpeg","jetpack_sharing_enabled":true,"jetpack_likes_enabled":true,"amp_enabled":true,"_links":{"self":[{"href":"https:\/\/encuentroinformativo.com.mx\/index.php?rest_route=\/wp\/v2\/posts\/21929","targetHints":{"allow":["GET"]}}],"collection":[{"href":"https:\/\/encuentroinformativo.com.mx\/index.php?rest_route=\/wp\/v2\/posts"}],"about":[{"href":"https:\/\/encuentroinformativo.com.mx\/index.php?rest_route=\/wp\/v2\/types\/post"}],"author":[{"embeddable":true,"href":"https:\/\/encuentroinformativo.com.mx\/index.php?rest_route=\/wp\/v2\/users\/1"}],"replies":[{"embeddable":true,"href":"https:\/\/encuentroinformativo.com.mx\/index.php?rest_route=%2Fwp%2Fv2%2Fcomments&post=21929"}],"version-history":[{"count":1,"href":"https:\/\/encuentroinformativo.com.mx\/index.php?rest_route=\/wp\/v2\/posts\/21929\/revisions"}],"predecessor-version":[{"id":21931,"href":"https:\/\/encuentroinformativo.com.mx\/index.php?rest_route=\/wp\/v2\/posts\/21929\/revisions\/21931"}],"wp:featuredmedia":[{"embeddable":true,"href":"https:\/\/encuentroinformativo.com.mx\/index.php?rest_route=\/wp\/v2\/media\/21930"}],"wp:attachment":[{"href":"https:\/\/encuentroinformativo.com.mx\/index.php?rest_route=%2Fwp%2Fv2%2Fmedia&parent=21929"}],"wp:term":[{"taxonomy":"category","embeddable":true,"href":"https:\/\/encuentroinformativo.com.mx\/index.php?rest_route=%2Fwp%2Fv2%2Fcategories&post=21929"},{"taxonomy":"post_tag","embeddable":true,"href":"https:\/\/encuentroinformativo.com.mx\/index.php?rest_route=%2Fwp%2Fv2%2Ftags&post=21929"}],"curies":[{"name":"wp","href":"https:\/\/api.w.org\/{rel}","templated":true}]}}