{"id":21937,"date":"2022-01-05T13:47:52","date_gmt":"2022-01-05T19:47:52","guid":{"rendered":"https:\/\/encuentroinformativo.com.mx\/?p=21937"},"modified":"2022-01-05T13:47:56","modified_gmt":"2022-01-05T19:47:56","slug":"organizaciones-insisten-en-detener-ampliacion-portuaria","status":"publish","type":"post","link":"https:\/\/encuentroinformativo.com.mx\/?p=21937","title":{"rendered":"Organizaciones insisten en detener ampliaci\u00f3n portuaria"},"content":{"rendered":"\n<p><strong>Juan Arcos<\/strong><\/p>\n\n\n\n<p>Xalapa, Ver.- El pr\u00f3ximo mi\u00e9rcoles 12 de enero, la Suprema Corte de Justicia de la Naci\u00f3n (SCJN) deber\u00e1 votar y resolver la demanda de amparo contra el proyecto de ampliaci\u00f3n del puerto de Veracruz que atenta contra el Sistema Arrecifal Veracruzano.<\/p>\n\n\n\n<p>Por tal motivo, organizaciones nacionales e internacionales hicieron un llamado a la Primera Sala para proteger a este ecosistema que est\u00e1 amenazado por los impactos ambientales negativos e irreversibles de las obras mencionadas.<\/p>\n\n\n\n<p>De acuerdo con Xavier Mart\u00ednez Esponda, director t\u00e9cnico operativo del Centro Mexicano de Derecho Ambiental (CEMDA), desde el a\u00f1o 2016 se pidi\u00f3 la suspensi\u00f3n de los trabajos para evitar un escenario catastr\u00f3fico como el actual.<\/p>\n\n\n\n<p>Cabe recordar que el amparo fue promovido en diciembre de 2016 por la asociaci\u00f3n civil CEMDA y pobladores de la conurbaci\u00f3n Veracruz, Boca del R\u00edo y Medell\u00edn de Bravo.<\/p>\n\n\n\n<p>Sin embargo, el recurso fue desechado por el Juzgado Quinto de Distrito, con sede en la ciudad de Veracruz, al considerar que no hab\u00eda inter\u00e9s leg\u00edtimo por parte de los demandantes.<\/p>\n\n\n\n<p>En noviembre de 2019, el mismo Juzgado decidi\u00f3 no conocer el fondo en raz\u00f3n de que los quejosos no hab\u00edan demostrado legitimidad para iniciar el proceso.<\/p>\n\n\n\n<p>\u201cEsta decisi\u00f3n fue apelada y el asunto fue turnado en 2020 al Segundo Tribunal Colegiado en materia administrativa y en marzo de ese a\u00f1o nosotros hicimos esta solicitud a la Suprema Corte y al Tribunal Colegiado para que fuera la SCJN quien resolviera el caso\u201d.<\/p>\n\n\n\n<p>Esta petici\u00f3n tuvo eco y, en febrero de 2021, la Primera Sala de la Suprema Corte de Justicia de la Naci\u00f3n decidi\u00f3 atraer el asunto.<\/p>\n\n\n\n<p>Entre los argumentos presentados en la demanda se encuentra el hecho de que el proyecto ha sido presentado de forma fragmentada y no se consideraron todos los arrecifes presentes en la Manifestaci\u00f3n de Impacto Ambiental, incluyendo los arrecifes sumergidos descubiertos recientemente en la zona, los cuales tienen un alt\u00edsimo valor ambiental.<\/p>\n\n\n\n<p>Mart\u00ednez Esponda se\u00f1al\u00f3 que las autoridades est\u00e1n dispuestas a sacrificar los ecosistemas y la biodiversidad en proyectos que ellas llaman de \u201cdesarrollo\u201d.<\/p>\n\n\n\n<p>La ampliaci\u00f3n del puerto de Veracruz signific\u00f3 la modificaci\u00f3n de la poligonal del parque nacional Sistema Arrecifal Veracruzano y la extracci\u00f3n de piedra bas\u00e1ltica de varios puntos del estado, como en la Reserva de la Biosfera de Los Tuxtlas.<\/p>\n\n\n\n<p>Los servicios ambientales que brinda dicho ecosistema son m\u00faltiples, como la protecci\u00f3n ante tormentas y huracanes, provisi\u00f3n de alimentos, as\u00ed como recreaci\u00f3n y esparcimiento.<\/p>\n\n\n\n<p>La ampliaci\u00f3n del puerto afectar\u00eda a todas las personas que viven en la conurbaci\u00f3n Veracruz, Boca del R\u00edo y Medell\u00edn.<\/p>\n","protected":false},"excerpt":{"rendered":"<p>Juan Arcos Xalapa, Ver.- El pr\u00f3ximo mi\u00e9rcoles 12 de enero, la Suprema Corte de Justicia de la Naci\u00f3n (SCJN) deber\u00e1 votar y resolver la demanda de amparo contra el proyecto de ampliaci\u00f3n del puerto de Veracruz que atenta contra el Sistema Arrecifal Veracruzano. Por tal motivo, organizaciones nacionales e internacionales hicieron un llamado a la [&hellip;]<\/p>\n","protected":false},"author":1,"featured_media":21938,"comment_status":"open","ping_status":"open","sticky":false,"template":"","format":"standard","meta":{"_jetpack_memberships_contains_paid_content":false,"footnotes":""},"categories":[2],"tags":[],"class_list":["post-21937","post","type-post","status-publish","format-standard","has-post-thumbnail","hentry","category-estado"],"jetpack_featured_media_url":"https:\/\/encuentroinformativo.com.mx\/wp-content\/uploads\/2022\/01\/28630200-30EC-4B8B-8839-B5403A48CC9C.jpeg","jetpack_sharing_enabled":true,"jetpack_likes_enabled":true,"amp_enabled":true,"_links":{"self":[{"href":"https:\/\/encuentroinformativo.com.mx\/index.php?rest_route=\/wp\/v2\/posts\/21937","targetHints":{"allow":["GET"]}}],"collection":[{"href":"https:\/\/encuentroinformativo.com.mx\/index.php?rest_route=\/wp\/v2\/posts"}],"about":[{"href":"https:\/\/encuentroinformativo.com.mx\/index.php?rest_route=\/wp\/v2\/types\/post"}],"author":[{"embeddable":true,"href":"https:\/\/encuentroinformativo.com.mx\/index.php?rest_route=\/wp\/v2\/users\/1"}],"replies":[{"embeddable":true,"href":"https:\/\/encuentroinformativo.com.mx\/index.php?rest_route=%2Fwp%2Fv2%2Fcomments&post=21937"}],"version-history":[{"count":1,"href":"https:\/\/encuentroinformativo.com.mx\/index.php?rest_route=\/wp\/v2\/posts\/21937\/revisions"}],"predecessor-version":[{"id":21939,"href":"https:\/\/encuentroinformativo.com.mx\/index.php?rest_route=\/wp\/v2\/posts\/21937\/revisions\/21939"}],"wp:featuredmedia":[{"embeddable":true,"href":"https:\/\/encuentroinformativo.com.mx\/index.php?rest_route=\/wp\/v2\/media\/21938"}],"wp:attachment":[{"href":"https:\/\/encuentroinformativo.com.mx\/index.php?rest_route=%2Fwp%2Fv2%2Fmedia&parent=21937"}],"wp:term":[{"taxonomy":"category","embeddable":true,"href":"https:\/\/encuentroinformativo.com.mx\/index.php?rest_route=%2Fwp%2Fv2%2Fcategories&post=21937"},{"taxonomy":"post_tag","embeddable":true,"href":"https:\/\/encuentroinformativo.com.mx\/index.php?rest_route=%2Fwp%2Fv2%2Ftags&post=21937"}],"curies":[{"name":"wp","href":"https:\/\/api.w.org\/{rel}","templated":true}]}}