{"id":21940,"date":"2022-01-05T13:52:39","date_gmt":"2022-01-05T19:52:39","guid":{"rendered":"https:\/\/encuentroinformativo.com.mx\/?p=21940"},"modified":"2022-01-05T13:52:44","modified_gmt":"2022-01-05T19:52:44","slug":"para-2024-lista-la-poza-rica-cardel-gobernador","status":"publish","type":"post","link":"https:\/\/encuentroinformativo.com.mx\/?p=21940","title":{"rendered":"Para 2024 lista la  Poza Rica &#8211; Cardel: Gobernador"},"content":{"rendered":"\n<p><strong>Dar\u00edo Pale<\/strong><\/p>\n\n\n\n<p>Xalapa, Ver.- La Autopista Cardel &#8211; Poza Rica ya tiene tramos abiertos donde los veh\u00edculos ya pueden circular y que de aqu\u00ed al 2024 la carretera en el tramo 180 ya se tendr\u00e1 completa para una mejor circulaci\u00f3n de los autos que buscan llegar a la zona norte de Veracruz, as\u00ed lo se\u00f1al\u00f3 el gobernador del estado Cuitl\u00e1huac Garc\u00eda Jim\u00e9nez.<\/p>\n\n\n\n<p>En conferencia de prensa realizada en palacio de gobierno se\u00f1al\u00f3 que, \u201cde aqu\u00ed al 2024 se va a entregar toda la 180 completa\u201d, pese a que aun falta tiempo para que en su totalidad la autopista este al cien por ciento reparada, algunos tramos ya est\u00e1n abiertos a los autos.<\/p>\n\n\n\n<p>Record\u00f3 que la obra est\u00e1 a cargo de la Secretar\u00eda de Comunicaciones y Transporte, \u201cfue un acuerdo de que se abra la autopista, pero que se le de mantenimiento a la costera, el tramo de ah\u00ed de la desviaci\u00f3n que esta en Nautla, desde ah\u00ed, desde la Mancha hasta Guti\u00e9rrez Zamora, esa es la parte que est\u00e1n reparado y hay otros que est\u00e1n pendientes\u201d.<\/p>\n\n\n\n<p>Por \u00faltimo en ese tema coment\u00f3 que la autopista de altas especificaciones Cardel-Poza Rica, de 128 kil\u00f3metros, que tendr\u00e1 una inversi\u00f3n de cuatro mil 691 millones de pesos, agilizar\u00e1 el corredor carretero Veracruz -Monterrey con ramal a Matamoros, \u00a0y mejorar\u00e1 las condiciones de seguridad y econom\u00eda a los usuarios de esa regi\u00f3n.<\/p>\n","protected":false},"excerpt":{"rendered":"<p>Dar\u00edo Pale Xalapa, Ver.- La Autopista Cardel &#8211; Poza Rica ya tiene tramos abiertos donde los veh\u00edculos ya pueden circular y que de aqu\u00ed al 2024 la carretera en el tramo 180 ya se tendr\u00e1 completa para una mejor circulaci\u00f3n de los autos que buscan llegar a la zona norte de Veracruz, as\u00ed lo se\u00f1al\u00f3 [&hellip;]<\/p>\n","protected":false},"author":1,"featured_media":21941,"comment_status":"open","ping_status":"open","sticky":false,"template":"","format":"standard","meta":{"_jetpack_memberships_contains_paid_content":false,"footnotes":""},"categories":[2],"tags":[],"class_list":["post-21940","post","type-post","status-publish","format-standard","has-post-thumbnail","hentry","category-estado"],"jetpack_featured_media_url":"https:\/\/encuentroinformativo.com.mx\/wp-content\/uploads\/2022\/01\/693B9944-5335-44C9-AA11-B1B02BC1854B.jpeg","jetpack_sharing_enabled":true,"jetpack_likes_enabled":true,"amp_enabled":true,"_links":{"self":[{"href":"https:\/\/encuentroinformativo.com.mx\/index.php?rest_route=\/wp\/v2\/posts\/21940","targetHints":{"allow":["GET"]}}],"collection":[{"href":"https:\/\/encuentroinformativo.com.mx\/index.php?rest_route=\/wp\/v2\/posts"}],"about":[{"href":"https:\/\/encuentroinformativo.com.mx\/index.php?rest_route=\/wp\/v2\/types\/post"}],"author":[{"embeddable":true,"href":"https:\/\/encuentroinformativo.com.mx\/index.php?rest_route=\/wp\/v2\/users\/1"}],"replies":[{"embeddable":true,"href":"https:\/\/encuentroinformativo.com.mx\/index.php?rest_route=%2Fwp%2Fv2%2Fcomments&post=21940"}],"version-history":[{"count":1,"href":"https:\/\/encuentroinformativo.com.mx\/index.php?rest_route=\/wp\/v2\/posts\/21940\/revisions"}],"predecessor-version":[{"id":21942,"href":"https:\/\/encuentroinformativo.com.mx\/index.php?rest_route=\/wp\/v2\/posts\/21940\/revisions\/21942"}],"wp:featuredmedia":[{"embeddable":true,"href":"https:\/\/encuentroinformativo.com.mx\/index.php?rest_route=\/wp\/v2\/media\/21941"}],"wp:attachment":[{"href":"https:\/\/encuentroinformativo.com.mx\/index.php?rest_route=%2Fwp%2Fv2%2Fmedia&parent=21940"}],"wp:term":[{"taxonomy":"category","embeddable":true,"href":"https:\/\/encuentroinformativo.com.mx\/index.php?rest_route=%2Fwp%2Fv2%2Fcategories&post=21940"},{"taxonomy":"post_tag","embeddable":true,"href":"https:\/\/encuentroinformativo.com.mx\/index.php?rest_route=%2Fwp%2Fv2%2Ftags&post=21940"}],"curies":[{"name":"wp","href":"https:\/\/api.w.org\/{rel}","templated":true}]}}