{"id":21949,"date":"2022-01-05T15:09:54","date_gmt":"2022-01-05T21:09:54","guid":{"rendered":"https:\/\/encuentroinformativo.com.mx\/?p=21949"},"modified":"2022-01-05T15:09:58","modified_gmt":"2022-01-05T21:09:58","slug":"realizaran-seminario-de-barberias-en-veracruz-puerto","status":"publish","type":"post","link":"https:\/\/encuentroinformativo.com.mx\/?p=21949","title":{"rendered":"Realizar\u00e1n Seminario de Barber\u00edas en Veracruz puerto"},"content":{"rendered":"\n<p><strong>Alejandro \u00c1vila<\/strong><\/p>\n\n\n\n<p>Veracruz, Ver.- Veracruz puerto ser\u00e1 sede del Seminario Nacional de Barberos, mismo que se llevar\u00e1 a cabo en el mes de marzo.<\/p>\n\n\n\n<p>Carlos Alberto Gonz\u00e1lez Rom\u00e1n, anfitri\u00f3n del evento, mencion\u00f3 que est\u00e1 ser\u00e1 la primera ocasi\u00f3n que se lleve a cabo este evento, donde se busca que participen j\u00f3venes y adultos en busca de capacitaci\u00f3n.<\/p>\n\n\n\n<p>El pr\u00f3ximo 20 de marzo ser\u00e1 el d\u00eda del &#8220;Nacional Barber&#8217;s Tour 2022&#8221;, donde Veracruz ser\u00e1 una de las sedes que brindar\u00e1 cursos y platicas sobre el resurgimiento de este oficio.<\/p>\n\n\n\n<p>En total, el&nbsp; seminario estar\u00e1 en 11 ciudades de la Rep\u00fablica Mexicana y contar\u00e1 con la participaci\u00f3n de al menos siete barberos de gran trayectoria que ilustrar\u00e1n a otros colegas que busquen profesionalizarse en diversas t\u00e9cnicas y estilos.<\/p>\n\n\n\n<p>Hasta el momento, el tour recorrer\u00e1 Veracruz, Xalapa, Oaxaca, Puebla, Villahermosa, Campeche, Canc\u00fan, Toluca, Guadalajara, Monterrey y Coahuila, durante diversas fechas a lo largo de todo el a\u00f1o.<\/p>\n\n\n\n<p>Las inscripciones, la sede y los horarios est\u00e1n por confirmarse, pues esperan que las condiciones del sem\u00e1foro epidemiol\u00f3gico les permita llevar a cabo los seminarios en todas las sedes mencionadas.<\/p>\n","protected":false},"excerpt":{"rendered":"<p>Alejandro \u00c1vila Veracruz, Ver.- Veracruz puerto ser\u00e1 sede del Seminario Nacional de Barberos, mismo que se llevar\u00e1 a cabo en el mes de marzo. Carlos Alberto Gonz\u00e1lez Rom\u00e1n, anfitri\u00f3n del evento, mencion\u00f3 que est\u00e1 ser\u00e1 la primera ocasi\u00f3n que se lleve a cabo este evento, donde se busca que participen j\u00f3venes y adultos en busca [&hellip;]<\/p>\n","protected":false},"author":1,"featured_media":21950,"comment_status":"open","ping_status":"open","sticky":false,"template":"","format":"standard","meta":{"_jetpack_memberships_contains_paid_content":false,"footnotes":""},"categories":[2],"tags":[],"class_list":["post-21949","post","type-post","status-publish","format-standard","has-post-thumbnail","hentry","category-estado"],"jetpack_featured_media_url":"https:\/\/encuentroinformativo.com.mx\/wp-content\/uploads\/2022\/01\/D4A678E1-65EA-4185-9018-F7EF236A057C.jpeg","jetpack_sharing_enabled":true,"jetpack_likes_enabled":true,"amp_enabled":true,"_links":{"self":[{"href":"https:\/\/encuentroinformativo.com.mx\/index.php?rest_route=\/wp\/v2\/posts\/21949","targetHints":{"allow":["GET"]}}],"collection":[{"href":"https:\/\/encuentroinformativo.com.mx\/index.php?rest_route=\/wp\/v2\/posts"}],"about":[{"href":"https:\/\/encuentroinformativo.com.mx\/index.php?rest_route=\/wp\/v2\/types\/post"}],"author":[{"embeddable":true,"href":"https:\/\/encuentroinformativo.com.mx\/index.php?rest_route=\/wp\/v2\/users\/1"}],"replies":[{"embeddable":true,"href":"https:\/\/encuentroinformativo.com.mx\/index.php?rest_route=%2Fwp%2Fv2%2Fcomments&post=21949"}],"version-history":[{"count":1,"href":"https:\/\/encuentroinformativo.com.mx\/index.php?rest_route=\/wp\/v2\/posts\/21949\/revisions"}],"predecessor-version":[{"id":21951,"href":"https:\/\/encuentroinformativo.com.mx\/index.php?rest_route=\/wp\/v2\/posts\/21949\/revisions\/21951"}],"wp:featuredmedia":[{"embeddable":true,"href":"https:\/\/encuentroinformativo.com.mx\/index.php?rest_route=\/wp\/v2\/media\/21950"}],"wp:attachment":[{"href":"https:\/\/encuentroinformativo.com.mx\/index.php?rest_route=%2Fwp%2Fv2%2Fmedia&parent=21949"}],"wp:term":[{"taxonomy":"category","embeddable":true,"href":"https:\/\/encuentroinformativo.com.mx\/index.php?rest_route=%2Fwp%2Fv2%2Fcategories&post=21949"},{"taxonomy":"post_tag","embeddable":true,"href":"https:\/\/encuentroinformativo.com.mx\/index.php?rest_route=%2Fwp%2Fv2%2Ftags&post=21949"}],"curies":[{"name":"wp","href":"https:\/\/api.w.org\/{rel}","templated":true}]}}