{"id":21952,"date":"2022-01-05T15:14:43","date_gmt":"2022-01-05T21:14:43","guid":{"rendered":"https:\/\/encuentroinformativo.com.mx\/?p=21952"},"modified":"2022-01-05T15:14:47","modified_gmt":"2022-01-05T21:14:47","slug":"se-registro-presunto-suicidio-en-c5-de-boca-del-rio","status":"publish","type":"post","link":"https:\/\/encuentroinformativo.com.mx\/?p=21952","title":{"rendered":"Se registr\u00f3 presunto suicidio en C5 de Boca del R\u00edo"},"content":{"rendered":"\n<p><strong>Alejandro \u00c1vila<\/strong><\/p>\n\n\n\n<p>Boca del R\u00edo, Ver.- Fuerte movilizaci\u00f3n se registr\u00f3 la ma\u00f1ana de este mi\u00e9rcoles, pues se report\u00f3 la muerte de un elemento de la Secretar\u00eda de Seguridad P\u00fablica al interior del edificio sede del Centro Estatal de Control, Comando, Comunicaciones, C\u00f3mputo, Contacto Ciudadano e Inteligencia (C5).<\/p>\n\n\n\n<p>Reportes extra oficiales mencionan que los compa\u00f1eros escucharon una detonaci\u00f3n de arma de fuego y al acercarse al lugar, encontraron al elemento herido por lo que se dispusieron a brindarle auxilio.<\/p>\n\n\n\n<p>De este hecho, la corporaci\u00f3n de seguridad neg\u00f3 emitir comentario alguno en el recinto situado en el bulevar &#8220;Adolfo Ruiz Cort\u00ednes&#8221;, junto al Ilustre Instituto Veracruzano, en el fraccionamiento Costa Verde.<\/p>\n\n\n\n<p>De forma extraoficial se relatan dos versiones; la primera, expone que el propio agente aparentemente pasaba por una depresi\u00f3n y decidi\u00f3 quitarse la vida.<\/p>\n\n\n\n<p>La segunda se\u00f1ala que, el elemento podr\u00eda haber estado manipulando su arma de cargo y en un descuido con la misma, accion\u00f3 el gatillo de forma accidental dispar\u00e1ndose, y posteriormente perdiendo la vida.<\/p>\n\n\n\n<p>Al confirmarse el deceso, elementos de la Fiscal\u00eda General del Estado fueron notificados y se presentaron para iniciar con las primeras indagatorias y abrir la carpeta pertinente.<\/p>\n\n\n\n<p>En medio del hermetismo, elementos de la Polic\u00eda Ministerial y Servicios Periciales llegaron para realizar el embalaje de indicios y finalmente retirar el cuerpo por la parte trasera del recinto en una carroza f\u00fanebre.<\/p>\n","protected":false},"excerpt":{"rendered":"<p>Alejandro \u00c1vila Boca del R\u00edo, Ver.- Fuerte movilizaci\u00f3n se registr\u00f3 la ma\u00f1ana de este mi\u00e9rcoles, pues se report\u00f3 la muerte de un elemento de la Secretar\u00eda de Seguridad P\u00fablica al interior del edificio sede del Centro Estatal de Control, Comando, Comunicaciones, C\u00f3mputo, Contacto Ciudadano e Inteligencia (C5). Reportes extra oficiales mencionan que los compa\u00f1eros escucharon [&hellip;]<\/p>\n","protected":false},"author":1,"featured_media":21953,"comment_status":"open","ping_status":"open","sticky":false,"template":"","format":"standard","meta":{"_jetpack_memberships_contains_paid_content":false,"footnotes":""},"categories":[14],"tags":[],"class_list":["post-21952","post","type-post","status-publish","format-standard","has-post-thumbnail","hentry","category-policiaca"],"jetpack_featured_media_url":"https:\/\/encuentroinformativo.com.mx\/wp-content\/uploads\/2022\/01\/7949E803-965C-47FF-A628-4BC4EDB50D3A.jpeg","jetpack_sharing_enabled":true,"jetpack_likes_enabled":true,"amp_enabled":true,"_links":{"self":[{"href":"https:\/\/encuentroinformativo.com.mx\/index.php?rest_route=\/wp\/v2\/posts\/21952","targetHints":{"allow":["GET"]}}],"collection":[{"href":"https:\/\/encuentroinformativo.com.mx\/index.php?rest_route=\/wp\/v2\/posts"}],"about":[{"href":"https:\/\/encuentroinformativo.com.mx\/index.php?rest_route=\/wp\/v2\/types\/post"}],"author":[{"embeddable":true,"href":"https:\/\/encuentroinformativo.com.mx\/index.php?rest_route=\/wp\/v2\/users\/1"}],"replies":[{"embeddable":true,"href":"https:\/\/encuentroinformativo.com.mx\/index.php?rest_route=%2Fwp%2Fv2%2Fcomments&post=21952"}],"version-history":[{"count":1,"href":"https:\/\/encuentroinformativo.com.mx\/index.php?rest_route=\/wp\/v2\/posts\/21952\/revisions"}],"predecessor-version":[{"id":21954,"href":"https:\/\/encuentroinformativo.com.mx\/index.php?rest_route=\/wp\/v2\/posts\/21952\/revisions\/21954"}],"wp:featuredmedia":[{"embeddable":true,"href":"https:\/\/encuentroinformativo.com.mx\/index.php?rest_route=\/wp\/v2\/media\/21953"}],"wp:attachment":[{"href":"https:\/\/encuentroinformativo.com.mx\/index.php?rest_route=%2Fwp%2Fv2%2Fmedia&parent=21952"}],"wp:term":[{"taxonomy":"category","embeddable":true,"href":"https:\/\/encuentroinformativo.com.mx\/index.php?rest_route=%2Fwp%2Fv2%2Fcategories&post=21952"},{"taxonomy":"post_tag","embeddable":true,"href":"https:\/\/encuentroinformativo.com.mx\/index.php?rest_route=%2Fwp%2Fv2%2Ftags&post=21952"}],"curies":[{"name":"wp","href":"https:\/\/api.w.org\/{rel}","templated":true}]}}