{"id":21955,"date":"2022-01-05T15:18:20","date_gmt":"2022-01-05T21:18:20","guid":{"rendered":"https:\/\/encuentroinformativo.com.mx\/?p=21955"},"modified":"2022-01-05T15:18:24","modified_gmt":"2022-01-05T21:18:24","slug":"ayuntamiento-porteno-no-renovara-concesion-de-parquimetros","status":"publish","type":"post","link":"https:\/\/encuentroinformativo.com.mx\/?p=21955","title":{"rendered":"Ayuntamiento porte\u00f1o no renovar\u00e1 concesi\u00f3n de parqu\u00edmetros"},"content":{"rendered":"\n<p><strong>Alejandro \u00c1vila<\/strong><\/p>\n\n\n\n<p>Veracruz, Ver.- El Ayuntamiento de Veracruz anunci\u00f3 que no renovar\u00e1 la concesi\u00f3n de parqu\u00edmetros a la empresa <em>Zeus Monitoreo Vial<\/em>, expuso la alcaldesa de la ciudad de Veracruz, Patricia Lobeira Rodr\u00edguez.<\/p>\n\n\n\n<p>Dicho contrato que culmina en noviembre, no beneficia al Ayuntamiento de Veracruz, pues adem\u00e1s de las constantes quejas de los usuarios, la recaudaci\u00f3n es m\u00ednima para el municipio, resalt\u00f3 la presidenta municipal.<\/p>\n\n\n\n<p>Una vez concluida la concesi\u00f3n, se presume se crear\u00e1 la direcci\u00f3n de Parqu\u00edmetros, misma que podr\u00eda estar a cargo del ex director de Movilidad Urbana en la pasada administraci\u00f3n, V\u00edctor Hugo Delf\u00edn Quiroga.<\/p>\n\n\n\n<p>Adem\u00e1s, se instalar\u00e1 un Consejo Ciudadano que vigilar\u00e1 el correcto funcionamiento del \u00e1rea y el destino del recurso de parqu\u00edmetros.<\/p>\n\n\n\n<p>Lobeira Rodr\u00edguez, se\u00f1al\u00f3 que el Ayuntamiento solo recibe 30 por ciento del dinero recaudado por el uso de los parqu\u00edmetros; en ese sentido, coment\u00f3 que el a\u00f1o pasado, el municipio recibi\u00f3 cinco millones de los 16 millones de pesos que capt\u00f3 durante todo el 2021.&nbsp;<\/p>\n\n\n\n<p>&#8220;Los parqu\u00edmetros se quedan, dan orden y movilidad, pero sin los abusos que se est\u00e1n cometiendo hoy. El Ayuntamiento se har\u00eda cargo de ese sistema, el de parqu\u00edmetros, y como dec\u00eda yo, a trav\u00e9s de un consejo para que se d\u00e9 de la manera m\u00e1s transparente posible&#8221;, remat\u00f3 la panista.<\/p>\n","protected":false},"excerpt":{"rendered":"<p>Alejandro \u00c1vila Veracruz, Ver.- El Ayuntamiento de Veracruz anunci\u00f3 que no renovar\u00e1 la concesi\u00f3n de parqu\u00edmetros a la empresa Zeus Monitoreo Vial, expuso la alcaldesa de la ciudad de Veracruz, Patricia Lobeira Rodr\u00edguez. Dicho contrato que culmina en noviembre, no beneficia al Ayuntamiento de Veracruz, pues adem\u00e1s de las constantes quejas de los usuarios, la [&hellip;]<\/p>\n","protected":false},"author":1,"featured_media":21956,"comment_status":"open","ping_status":"open","sticky":false,"template":"","format":"standard","meta":{"_jetpack_memberships_contains_paid_content":false,"footnotes":""},"categories":[2],"tags":[],"class_list":["post-21955","post","type-post","status-publish","format-standard","has-post-thumbnail","hentry","category-estado"],"jetpack_featured_media_url":"https:\/\/encuentroinformativo.com.mx\/wp-content\/uploads\/2022\/01\/B37DA4AF-C7A5-40E0-BD38-656764AB82CF.jpeg","jetpack_sharing_enabled":true,"jetpack_likes_enabled":true,"amp_enabled":true,"_links":{"self":[{"href":"https:\/\/encuentroinformativo.com.mx\/index.php?rest_route=\/wp\/v2\/posts\/21955","targetHints":{"allow":["GET"]}}],"collection":[{"href":"https:\/\/encuentroinformativo.com.mx\/index.php?rest_route=\/wp\/v2\/posts"}],"about":[{"href":"https:\/\/encuentroinformativo.com.mx\/index.php?rest_route=\/wp\/v2\/types\/post"}],"author":[{"embeddable":true,"href":"https:\/\/encuentroinformativo.com.mx\/index.php?rest_route=\/wp\/v2\/users\/1"}],"replies":[{"embeddable":true,"href":"https:\/\/encuentroinformativo.com.mx\/index.php?rest_route=%2Fwp%2Fv2%2Fcomments&post=21955"}],"version-history":[{"count":1,"href":"https:\/\/encuentroinformativo.com.mx\/index.php?rest_route=\/wp\/v2\/posts\/21955\/revisions"}],"predecessor-version":[{"id":21957,"href":"https:\/\/encuentroinformativo.com.mx\/index.php?rest_route=\/wp\/v2\/posts\/21955\/revisions\/21957"}],"wp:featuredmedia":[{"embeddable":true,"href":"https:\/\/encuentroinformativo.com.mx\/index.php?rest_route=\/wp\/v2\/media\/21956"}],"wp:attachment":[{"href":"https:\/\/encuentroinformativo.com.mx\/index.php?rest_route=%2Fwp%2Fv2%2Fmedia&parent=21955"}],"wp:term":[{"taxonomy":"category","embeddable":true,"href":"https:\/\/encuentroinformativo.com.mx\/index.php?rest_route=%2Fwp%2Fv2%2Fcategories&post=21955"},{"taxonomy":"post_tag","embeddable":true,"href":"https:\/\/encuentroinformativo.com.mx\/index.php?rest_route=%2Fwp%2Fv2%2Ftags&post=21955"}],"curies":[{"name":"wp","href":"https:\/\/api.w.org\/{rel}","templated":true}]}}