{"id":21962,"date":"2022-01-06T09:54:41","date_gmt":"2022-01-06T15:54:41","guid":{"rendered":"https:\/\/encuentroinformativo.com.mx\/?p=21962"},"modified":"2022-01-06T09:54:45","modified_gmt":"2022-01-06T15:54:45","slug":"reciben-nombramientos-funcionarios-del-ayuntamiento-de-xalapa","status":"publish","type":"post","link":"https:\/\/encuentroinformativo.com.mx\/?p=21962","title":{"rendered":"Reciben nombramientos funcionarios del Ayuntamiento de Xalapa"},"content":{"rendered":"\n<p>Xalapa, Ver.- Para tener el mejor gobierno hemos elegido a gente con trayectoria probada, honesta, profesional, con vocaci\u00f3n de servicio y visi\u00f3n social, afirm\u00f3 el presidente municipal Ricardo Ahued Bardahuil durante la entrega de nombramientos a titulares de diversas direcciones, subdirecciones y \u00e1reas del Ayuntamiento de Xalapa.<\/p>\n\n\n\n<p>Ante los integrantes del Cabildo, la tarde de este mi\u00e9rcoles el Edil manifest\u00f3 que en este inicio de administraci\u00f3n es fundamental aplicar la austeridad y dise\u00f1ar pol\u00edticas p\u00fablicas bien planeadas para superar los retos que enfrenta Xalapa.<\/p>\n\n\n\n<p>Se entregaron nombramientos al secretario del Ayuntamiento, Ram\u00f3n Antonio Ramos Niembro; la contralora Silvia Lav\u00edn Hern\u00e1ndez; el secretario particular Arturo Ju\u00e1rez P\u00e9rez y el secretario t\u00e9cnico Oliver Aguilar Yunes; como coordinadora de Comunicaci\u00f3n Social a Lilia Bravo Morales y como coordinador de Transparencia a Alejandro de la Fuente Alonso.<\/p>\n\n\n\n<p>Como director de Obras P\u00fablicas se design\u00f3 a Guillermo \u00c1vila Devezze; en Medio Ambiente y Sustentabilidad a Carlos Ortega Murgu\u00eda; en la direcci\u00f3n de Desarrollo Econ\u00f3mico a Alberto Romero Guti\u00e9rrez y en Desarrollo Social a Alejandro Moreno Hern\u00e1ndez.<\/p>\n\n\n\n<p>El titular de la Direcci\u00f3n de Protecci\u00f3n Civil ser\u00e1 Francisco Luis Sardi\u00f1a Salgado; de Ingresos, Patricia Celia Ortega Pardo; de Desarrollo Urbano, Jos\u00e9 Torres Ch\u00e1zaro; de Turismo, Ivonne Rub\u00ed Quirarte Mora y de Participaci\u00f3n Ciudadana, Juan Francisco Mar\u00edn Viveros.<\/p>\n\n\n\n<p>La Direcci\u00f3n de Recursos Humanos la ocupar\u00e1 Pablo Morales Hern\u00e1ndez; Asuntos Jur\u00eddicos, Martha Patricia Hern\u00e1ndez Guti\u00e9rrez y la Direcci\u00f3n del Sistema DIF Municipal Alejandro Rey Del \u00c1ngel Aguilar.<\/p>\n\n\n\n<p>En las subdirecciones de Juventud estar\u00e1n Gelsey Yareli Varela Castillo; en Salud, Olga Isabel Alarc\u00f3n Ricardez y en Cultura, Karla Guadalupe Montano Rocher.<\/p>\n\n\n\n<p>Tambi\u00e9n recibieron nombramientos el director de Seguridad y Tr\u00e1nsito Municipal, Miguel Valdez Ram\u00edrez y la directora del Instituto de las Mujeres de Xalapa (IMMX), Zaira Fabiola del Toro Olivares.<\/p>\n\n\n\n<p>Finalmente se entregaron nombramientos como subdirectora de Recursos Naturales y Cambio Clim\u00e1tico a Ana Isabel Guevara Escobar y como subdirectora de Gesti\u00f3n de Energ\u00eda a Teresa Ju\u00e1rez Mej\u00eda.<br><\/p>\n\n\n\n<figure class=\"wp-block-image size-large\"><img loading=\"lazy\" decoding=\"async\" width=\"1024\" height=\"654\" src=\"https:\/\/encuentroinformativo.com.mx\/wp-content\/uploads\/2022\/01\/97CB87A1-94FE-48F3-A5FF-FDD8BB0A2DFF-1024x654.jpeg\" alt=\"\" class=\"wp-image-21964\" srcset=\"https:\/\/encuentroinformativo.com.mx\/wp-content\/uploads\/2022\/01\/97CB87A1-94FE-48F3-A5FF-FDD8BB0A2DFF-1024x654.jpeg 1024w, https:\/\/encuentroinformativo.com.mx\/wp-content\/uploads\/2022\/01\/97CB87A1-94FE-48F3-A5FF-FDD8BB0A2DFF-300x192.jpeg 300w, https:\/\/encuentroinformativo.com.mx\/wp-content\/uploads\/2022\/01\/97CB87A1-94FE-48F3-A5FF-FDD8BB0A2DFF-768x491.jpeg 768w, https:\/\/encuentroinformativo.com.mx\/wp-content\/uploads\/2022\/01\/97CB87A1-94FE-48F3-A5FF-FDD8BB0A2DFF-1536x982.jpeg 1536w, https:\/\/encuentroinformativo.com.mx\/wp-content\/uploads\/2022\/01\/97CB87A1-94FE-48F3-A5FF-FDD8BB0A2DFF.jpeg 1599w\" sizes=\"auto, (max-width: 1024px) 100vw, 1024px\" \/><\/figure>\n","protected":false},"excerpt":{"rendered":"<p>Xalapa, Ver.- Para tener el mejor gobierno hemos elegido a gente con trayectoria probada, honesta, profesional, con vocaci\u00f3n de servicio y visi\u00f3n social, afirm\u00f3 el presidente municipal Ricardo Ahued Bardahuil durante la entrega de nombramientos a titulares de diversas direcciones, subdirecciones y \u00e1reas del Ayuntamiento de Xalapa. Ante los integrantes del Cabildo, la tarde de [&hellip;]<\/p>\n","protected":false},"author":1,"featured_media":21963,"comment_status":"open","ping_status":"open","sticky":false,"template":"","format":"standard","meta":{"_jetpack_memberships_contains_paid_content":false,"footnotes":""},"categories":[3],"tags":[],"class_list":["post-21962","post","type-post","status-publish","format-standard","has-post-thumbnail","hentry","category-xalapa"],"jetpack_featured_media_url":"https:\/\/encuentroinformativo.com.mx\/wp-content\/uploads\/2022\/01\/1FDDB8AC-3C64-4C7F-AC0B-7E2DD257A3FD.jpeg","jetpack_sharing_enabled":true,"jetpack_likes_enabled":true,"amp_enabled":true,"_links":{"self":[{"href":"https:\/\/encuentroinformativo.com.mx\/index.php?rest_route=\/wp\/v2\/posts\/21962","targetHints":{"allow":["GET"]}}],"collection":[{"href":"https:\/\/encuentroinformativo.com.mx\/index.php?rest_route=\/wp\/v2\/posts"}],"about":[{"href":"https:\/\/encuentroinformativo.com.mx\/index.php?rest_route=\/wp\/v2\/types\/post"}],"author":[{"embeddable":true,"href":"https:\/\/encuentroinformativo.com.mx\/index.php?rest_route=\/wp\/v2\/users\/1"}],"replies":[{"embeddable":true,"href":"https:\/\/encuentroinformativo.com.mx\/index.php?rest_route=%2Fwp%2Fv2%2Fcomments&post=21962"}],"version-history":[{"count":1,"href":"https:\/\/encuentroinformativo.com.mx\/index.php?rest_route=\/wp\/v2\/posts\/21962\/revisions"}],"predecessor-version":[{"id":21965,"href":"https:\/\/encuentroinformativo.com.mx\/index.php?rest_route=\/wp\/v2\/posts\/21962\/revisions\/21965"}],"wp:featuredmedia":[{"embeddable":true,"href":"https:\/\/encuentroinformativo.com.mx\/index.php?rest_route=\/wp\/v2\/media\/21963"}],"wp:attachment":[{"href":"https:\/\/encuentroinformativo.com.mx\/index.php?rest_route=%2Fwp%2Fv2%2Fmedia&parent=21962"}],"wp:term":[{"taxonomy":"category","embeddable":true,"href":"https:\/\/encuentroinformativo.com.mx\/index.php?rest_route=%2Fwp%2Fv2%2Fcategories&post=21962"},{"taxonomy":"post_tag","embeddable":true,"href":"https:\/\/encuentroinformativo.com.mx\/index.php?rest_route=%2Fwp%2Fv2%2Ftags&post=21962"}],"curies":[{"name":"wp","href":"https:\/\/api.w.org\/{rel}","templated":true}]}}