{"id":21969,"date":"2022-01-06T12:09:54","date_gmt":"2022-01-06T18:09:54","guid":{"rendered":"https:\/\/encuentroinformativo.com.mx\/?p=21969"},"modified":"2022-01-06T12:09:58","modified_gmt":"2022-01-06T18:09:58","slug":"en-las-vigas-heredaron-deudas-por-prestaciones-laborales","status":"publish","type":"post","link":"https:\/\/encuentroinformativo.com.mx\/?p=21969","title":{"rendered":"En Las Vigas heredaron deudas por prestaciones laborales"},"content":{"rendered":"\n<p><strong>Dar\u00edo Pale<\/strong><\/p>\n\n\n\n<p>Xalapa, Ver.- En el municipio de Las Vigas de Ram\u00edrez como se ha visto en otros ayuntamientos tambi\u00e9n le heredaron deudas por m\u00e1s de un mill\u00f3n 400 mil pesos correspondiente a las prestaciones laborales a los trabajadores as\u00ed lo inform\u00f3 el presidente municipal Jos\u00e9 de Jes\u00fas Landa Hern\u00e1ndez.<\/p>\n\n\n\n<p>En conferencia de prensa realizada en conocido caf\u00e9 del centro de Xalapa se\u00f1al\u00f3 que su antecesor Alejandro Lino Cruz Romero, lo dejo endeudado con m\u00e1s de un mill\u00f3n de pesos adem\u00e1s de que dej\u00f3 afectaciones en el Palacio Municipal.<\/p>\n\n\n\n<p>&#8220;Probablemente incurrieron en discriminaci\u00f3n al haber omitido pagar deliberadamente la segunda quincena y bono navide\u00f1o por m\u00e1s de un mill\u00f3n 240 mil pesos, castigando a los empleados municipales, priv\u00e1ndolos de fiestas navide\u00f1as dignas, no obstante privilegi\u00f3 cubrir acreedores de forma tendenciosa y negligente&#8221;, coment\u00f3.<\/p>\n\n\n\n<p>Comento que adem\u00e1s de que no se le pag\u00f3 a los trabajadores sus prestaciones de fin de a\u00f1o, as\u00ed como pendientes con el Impuesto Sobre la Renta (ISR), por un total de 219 mil 232 pesos m\u00e1s recargos.<\/p>\n\n\n\n<p>\u201cSe tiene un pago pendiente con personal a quienes no se les pag\u00f3 la segunda quincena de diciembre, no se pag\u00f3 el bono, ni el aguinaldo que es un monto de 1 mill\u00f3n 420 mil pesos lo que se debe\u201d, se\u00f1al\u00f3.<\/p>\n\n\n\n<p>Sobre los veh\u00edculos oficiales, el alcalde Landa Hern\u00e1ndez dijo que dejaron veh\u00edculos chatarra, principalmente en los que usan los polic\u00edas municipales.<\/p>\n\n\n\n<p>&#8220;Solamente est\u00e1n los cascarones, no tenemos ese servicio. S\u00f3lo contamos con una patrulla, la que est\u00e1 ahorita funcionando y eso, no en buenas condiciones&#8221;, acus\u00f3.<\/p>\n\n\n\n<p>&#8220;Es evidente que no les import\u00f3 el bien de Las Vigas y su pueblo, s\u00f3lo enriquecerse vil mente en total perjuicio de las finanzas del Ayuntamiento&#8221;, dijo.<\/p>\n\n\n\n<p>Finalmente adelant\u00f3 que en los pr\u00f3ximos d\u00edas, luego de que concluya el an\u00e1lisis de la entrega-recepci\u00f3n, presentar\u00e1 las denuncias ante el \u00d3rgano de Fiscalizaci\u00f3n Superior (ORFIS) y la Fiscal\u00eda General del Estado.\u00a0<\/p>\n","protected":false},"excerpt":{"rendered":"<p>Dar\u00edo Pale Xalapa, Ver.- En el municipio de Las Vigas de Ram\u00edrez como se ha visto en otros ayuntamientos tambi\u00e9n le heredaron deudas por m\u00e1s de un mill\u00f3n 400 mil pesos correspondiente a las prestaciones laborales a los trabajadores as\u00ed lo inform\u00f3 el presidente municipal Jos\u00e9 de Jes\u00fas Landa Hern\u00e1ndez. En conferencia de prensa realizada [&hellip;]<\/p>\n","protected":false},"author":1,"featured_media":21970,"comment_status":"open","ping_status":"open","sticky":false,"template":"","format":"standard","meta":{"_jetpack_memberships_contains_paid_content":false,"footnotes":""},"categories":[8],"tags":[],"class_list":["post-21969","post","type-post","status-publish","format-standard","has-post-thumbnail","hentry","category-region"],"jetpack_featured_media_url":"https:\/\/encuentroinformativo.com.mx\/wp-content\/uploads\/2022\/01\/C387E257-A49E-46D0-8DCF-542339608765.jpeg","jetpack_sharing_enabled":true,"jetpack_likes_enabled":true,"amp_enabled":true,"_links":{"self":[{"href":"https:\/\/encuentroinformativo.com.mx\/index.php?rest_route=\/wp\/v2\/posts\/21969","targetHints":{"allow":["GET"]}}],"collection":[{"href":"https:\/\/encuentroinformativo.com.mx\/index.php?rest_route=\/wp\/v2\/posts"}],"about":[{"href":"https:\/\/encuentroinformativo.com.mx\/index.php?rest_route=\/wp\/v2\/types\/post"}],"author":[{"embeddable":true,"href":"https:\/\/encuentroinformativo.com.mx\/index.php?rest_route=\/wp\/v2\/users\/1"}],"replies":[{"embeddable":true,"href":"https:\/\/encuentroinformativo.com.mx\/index.php?rest_route=%2Fwp%2Fv2%2Fcomments&post=21969"}],"version-history":[{"count":1,"href":"https:\/\/encuentroinformativo.com.mx\/index.php?rest_route=\/wp\/v2\/posts\/21969\/revisions"}],"predecessor-version":[{"id":21971,"href":"https:\/\/encuentroinformativo.com.mx\/index.php?rest_route=\/wp\/v2\/posts\/21969\/revisions\/21971"}],"wp:featuredmedia":[{"embeddable":true,"href":"https:\/\/encuentroinformativo.com.mx\/index.php?rest_route=\/wp\/v2\/media\/21970"}],"wp:attachment":[{"href":"https:\/\/encuentroinformativo.com.mx\/index.php?rest_route=%2Fwp%2Fv2%2Fmedia&parent=21969"}],"wp:term":[{"taxonomy":"category","embeddable":true,"href":"https:\/\/encuentroinformativo.com.mx\/index.php?rest_route=%2Fwp%2Fv2%2Fcategories&post=21969"},{"taxonomy":"post_tag","embeddable":true,"href":"https:\/\/encuentroinformativo.com.mx\/index.php?rest_route=%2Fwp%2Fv2%2Ftags&post=21969"}],"curies":[{"name":"wp","href":"https:\/\/api.w.org\/{rel}","templated":true}]}}