{"id":21972,"date":"2022-01-06T14:49:14","date_gmt":"2022-01-06T20:49:14","guid":{"rendered":"https:\/\/encuentroinformativo.com.mx\/?p=21972"},"modified":"2022-01-06T14:49:19","modified_gmt":"2022-01-06T20:49:19","slug":"pri-podria-concretar-alianzas-para-elecciones-extraordinarias-en-veracruz","status":"publish","type":"post","link":"https:\/\/encuentroinformativo.com.mx\/?p=21972","title":{"rendered":"PRI podr\u00eda concretar alianzas para elecciones extraordinarias en Veracruz"},"content":{"rendered":"\n<p><strong>Alejandro \u00c1vila<\/strong><\/p>\n\n\n\n<p>Veracruz, Ver.- En pr\u00f3ximos d\u00edas, el Partido Revolucionario Institucional (PRI), emitir\u00e1 la convocatoria para designar a los candidatos que participen en las elecciones extraordinarias en los municipios de Jes\u00fas Carranza, Chiconamel, Amatitl\u00e1n y Tlacotepec de Mej\u00eda; el presidente estatal del PRI, Marlon Ram\u00edrez Mar\u00edn, no descarta alianzas con PAN y PRD.<\/p>\n\n\n\n<p>El tambi\u00e9n diputado local, dijo que en la elecci\u00f3n de candidatos se debe cumplir con los compromisos de acciones afirmativas, temas de paridad de g\u00e9nero y juventud.<\/p>\n\n\n\n<p>&#8220;Ya la Comisi\u00f3n de Procesos Internos est\u00e1 trabajando en la elaboraci\u00f3n de la emisi\u00f3n de las convocatorias correspondientes y en los pr\u00f3ximos d\u00edas las lanzaremos, para que quienes tengan la aspiraci\u00f3n de ser nuestras candidatas y candidatos lo puedan hacer (\u2026) estamos en platicas, estamos platicando con el PRD, con el Acci\u00f3n Nacional&#8221;, mencion\u00f3.<\/p>\n\n\n\n<p>El priista puntualiz\u00f3 que en los municipioa donde se debe repetir la elecci\u00f3n, la cual se llevar\u00e1 a cabo el pr\u00f3ximo 29 de marzo, en Jes\u00fas Carranza s\u00ed fueron en alianza, mientras que en el resto fueron en solitario.<\/p>\n\n\n\n<p>&#8220;Tambi\u00e9n hay que decirlo, en el caso por ejemplo de Chiconamel, es una elecci\u00f3n que nosotros ganamos, que inclusive la estamos compitiendo con el Partido de la Revoluci\u00f3n Democratica, pero eso no quita que nuestra vinculaci\u00f3n y nuestra relaci\u00f3n con la dirigencia de ambos partidos sea positiva, y en ese sentido, vamos a trabajar al respecto&#8221;, agreg\u00f3.<\/p>\n\n\n\n<p>Cabe mencionar que este miercoles el Consejo General del Organismo P\u00fablico Local Electoral de Estado de Veracruz (OPLE) aprob\u00f3 la convocatoria para quienes aspiren a ocupar los cargos de, Presidencia del Consejo, Consejer\u00edas Electorales, Secretar\u00eda, Vocal\u00edas de Organizaci\u00f3n y Capacitaci\u00f3n Electoral, en los Consejos Municipales de los cuatro Ayuntamientos ya mencionados.<\/p>\n","protected":false},"excerpt":{"rendered":"<p>Alejandro \u00c1vila Veracruz, Ver.- En pr\u00f3ximos d\u00edas, el Partido Revolucionario Institucional (PRI), emitir\u00e1 la convocatoria para designar a los candidatos que participen en las elecciones extraordinarias en los municipios de Jes\u00fas Carranza, Chiconamel, Amatitl\u00e1n y Tlacotepec de Mej\u00eda; el presidente estatal del PRI, Marlon Ram\u00edrez Mar\u00edn, no descarta alianzas con PAN y PRD. El tambi\u00e9n [&hellip;]<\/p>\n","protected":false},"author":1,"featured_media":21973,"comment_status":"open","ping_status":"open","sticky":false,"template":"","format":"standard","meta":{"_jetpack_memberships_contains_paid_content":false,"footnotes":""},"categories":[2],"tags":[],"class_list":["post-21972","post","type-post","status-publish","format-standard","has-post-thumbnail","hentry","category-estado"],"jetpack_featured_media_url":"https:\/\/encuentroinformativo.com.mx\/wp-content\/uploads\/2022\/01\/C4332BC9-565E-4990-9463-7F7C91F52704.jpeg","jetpack_sharing_enabled":true,"jetpack_likes_enabled":true,"amp_enabled":true,"_links":{"self":[{"href":"https:\/\/encuentroinformativo.com.mx\/index.php?rest_route=\/wp\/v2\/posts\/21972","targetHints":{"allow":["GET"]}}],"collection":[{"href":"https:\/\/encuentroinformativo.com.mx\/index.php?rest_route=\/wp\/v2\/posts"}],"about":[{"href":"https:\/\/encuentroinformativo.com.mx\/index.php?rest_route=\/wp\/v2\/types\/post"}],"author":[{"embeddable":true,"href":"https:\/\/encuentroinformativo.com.mx\/index.php?rest_route=\/wp\/v2\/users\/1"}],"replies":[{"embeddable":true,"href":"https:\/\/encuentroinformativo.com.mx\/index.php?rest_route=%2Fwp%2Fv2%2Fcomments&post=21972"}],"version-history":[{"count":1,"href":"https:\/\/encuentroinformativo.com.mx\/index.php?rest_route=\/wp\/v2\/posts\/21972\/revisions"}],"predecessor-version":[{"id":21974,"href":"https:\/\/encuentroinformativo.com.mx\/index.php?rest_route=\/wp\/v2\/posts\/21972\/revisions\/21974"}],"wp:featuredmedia":[{"embeddable":true,"href":"https:\/\/encuentroinformativo.com.mx\/index.php?rest_route=\/wp\/v2\/media\/21973"}],"wp:attachment":[{"href":"https:\/\/encuentroinformativo.com.mx\/index.php?rest_route=%2Fwp%2Fv2%2Fmedia&parent=21972"}],"wp:term":[{"taxonomy":"category","embeddable":true,"href":"https:\/\/encuentroinformativo.com.mx\/index.php?rest_route=%2Fwp%2Fv2%2Fcategories&post=21972"},{"taxonomy":"post_tag","embeddable":true,"href":"https:\/\/encuentroinformativo.com.mx\/index.php?rest_route=%2Fwp%2Fv2%2Ftags&post=21972"}],"curies":[{"name":"wp","href":"https:\/\/api.w.org\/{rel}","templated":true}]}}