{"id":21975,"date":"2022-01-06T14:59:52","date_gmt":"2022-01-06T20:59:52","guid":{"rendered":"https:\/\/encuentroinformativo.com.mx\/?p=21975"},"modified":"2022-01-06T14:59:56","modified_gmt":"2022-01-06T20:59:56","slug":"alerta-en-cabildo-de-veracruz-funcionarios-dan-positivo-en-covid","status":"publish","type":"post","link":"https:\/\/encuentroinformativo.com.mx\/?p=21975","title":{"rendered":"Alerta en Cabildo de Veracruz, funcionarios dan positivo en COVID"},"content":{"rendered":"\n<p><strong>Alejandro \u00c1vila<\/strong><\/p>\n\n\n\n<p>Veracruz, Ver.- Se prendieron las alertas en el Palacio Municipal de Veracruz para ediles y personal de oficina, toda vez que el secretario del Ayuntamiento, Juan Carlos Salda\u00f1a Mor\u00e1n, y el Jefe de Presidencia, Jorge Gonz\u00e1lez Jim\u00e9nez, dieron positivo de COVID-19.<\/p>\n\n\n\n<p>En tan solo 6 d\u00edas de administraci\u00f3n, ya se han llevado a cabo 3 Sesiones de Cabildo, aunque hasta el momento ning\u00fan edil del Ayuntamiento, salvo la alcaldesa, Patricia Lobeira Rodr\u00edguez, ha informado dio negativo en la prueba.<\/p>\n\n\n\n<p>Debido a esta situaci\u00f3n, el Ayuntamiento de Veracruz evitar\u00e1 eventos medi\u00e1ticos y se realizar\u00e1n reuniones virtuales, se inform\u00f3.<\/p>\n\n\n\n<p>Ambos funcionarios, se asegura est\u00e1n en perfecto estado de salud y continuar\u00e1n realizando sus labores de manera virtual; personal que han colaborado de cerca a ellos, tambi\u00e9n se realizar\u00e1n pruebas como medida de prevenci\u00f3n.<\/p>\n\n\n\n<p>Se aclar\u00f3 que, la Presidenta Municipal, Patricia Lobeira Rodr\u00edguez, se realiz\u00f3 la prueba y el resultado fue negativo, por lo que continuar\u00e1 realizando actividades tomando las medidas pertinentes.<\/p>\n\n\n\n<p>Hasta el momento, ning\u00fan regidor ha hablado sobre el tema y si se han realizado las pruebas de COVID-19.<\/p>\n","protected":false},"excerpt":{"rendered":"<p>Alejandro \u00c1vila Veracruz, Ver.- Se prendieron las alertas en el Palacio Municipal de Veracruz para ediles y personal de oficina, toda vez que el secretario del Ayuntamiento, Juan Carlos Salda\u00f1a Mor\u00e1n, y el Jefe de Presidencia, Jorge Gonz\u00e1lez Jim\u00e9nez, dieron positivo de COVID-19. En tan solo 6 d\u00edas de administraci\u00f3n, ya se han llevado a [&hellip;]<\/p>\n","protected":false},"author":1,"featured_media":21976,"comment_status":"open","ping_status":"open","sticky":false,"template":"","format":"standard","meta":{"_jetpack_memberships_contains_paid_content":false,"footnotes":""},"categories":[2],"tags":[],"class_list":["post-21975","post","type-post","status-publish","format-standard","has-post-thumbnail","hentry","category-estado"],"jetpack_featured_media_url":"https:\/\/encuentroinformativo.com.mx\/wp-content\/uploads\/2022\/01\/5D5C5B62-1F8A-4E18-88C7-AB2E1A73A1E7.jpeg","jetpack_sharing_enabled":true,"jetpack_likes_enabled":true,"amp_enabled":true,"_links":{"self":[{"href":"https:\/\/encuentroinformativo.com.mx\/index.php?rest_route=\/wp\/v2\/posts\/21975","targetHints":{"allow":["GET"]}}],"collection":[{"href":"https:\/\/encuentroinformativo.com.mx\/index.php?rest_route=\/wp\/v2\/posts"}],"about":[{"href":"https:\/\/encuentroinformativo.com.mx\/index.php?rest_route=\/wp\/v2\/types\/post"}],"author":[{"embeddable":true,"href":"https:\/\/encuentroinformativo.com.mx\/index.php?rest_route=\/wp\/v2\/users\/1"}],"replies":[{"embeddable":true,"href":"https:\/\/encuentroinformativo.com.mx\/index.php?rest_route=%2Fwp%2Fv2%2Fcomments&post=21975"}],"version-history":[{"count":1,"href":"https:\/\/encuentroinformativo.com.mx\/index.php?rest_route=\/wp\/v2\/posts\/21975\/revisions"}],"predecessor-version":[{"id":21977,"href":"https:\/\/encuentroinformativo.com.mx\/index.php?rest_route=\/wp\/v2\/posts\/21975\/revisions\/21977"}],"wp:featuredmedia":[{"embeddable":true,"href":"https:\/\/encuentroinformativo.com.mx\/index.php?rest_route=\/wp\/v2\/media\/21976"}],"wp:attachment":[{"href":"https:\/\/encuentroinformativo.com.mx\/index.php?rest_route=%2Fwp%2Fv2%2Fmedia&parent=21975"}],"wp:term":[{"taxonomy":"category","embeddable":true,"href":"https:\/\/encuentroinformativo.com.mx\/index.php?rest_route=%2Fwp%2Fv2%2Fcategories&post=21975"},{"taxonomy":"post_tag","embeddable":true,"href":"https:\/\/encuentroinformativo.com.mx\/index.php?rest_route=%2Fwp%2Fv2%2Ftags&post=21975"}],"curies":[{"name":"wp","href":"https:\/\/api.w.org\/{rel}","templated":true}]}}