{"id":21983,"date":"2022-01-06T15:23:45","date_gmt":"2022-01-06T21:23:45","guid":{"rendered":"https:\/\/encuentroinformativo.com.mx\/?p=21983"},"modified":"2022-01-06T15:23:48","modified_gmt":"2022-01-06T21:23:48","slug":"por-asalto-asesinan-a-abuelita-en-xalapa","status":"publish","type":"post","link":"https:\/\/encuentroinformativo.com.mx\/?p=21983","title":{"rendered":"Por asalto, asesinan a abuelita en Xalapa"},"content":{"rendered":"\n<p><strong>Juan Arcos <\/strong><\/p>\n\n\n\n<p>Xalapa, Ver.- Una pareja de adultos mayores fue asaltada al interior de su domicilio en el fraccionamiento El Porvenir, muy cerca de la Central de Abastos de Xalapa, donde la se\u00f1ora, de m\u00e1s de 70 a\u00f1os, fue asesinada.<\/p>\n\n\n\n<p>La abuelita fue encontrada sin vida y a su esposo gravemente herido, por lo que fue trasladado en ambulancia a un hospital para su debida atenci\u00f3n m\u00e9dica.<\/p>\n\n\n\n<p>Este fraccionamiento residencial El Porvenir se encuentra en la zona sur de la ciudad de Xalapa y colinda con el municipio de Emiliano Zapata.<\/p>\n\n\n\n<p>Sus familiares intentaron comunicarse v\u00eda telef\u00f3nica con los adultos mayores desde el mi\u00e9rcoles 5 de enero, pero no obtuvieron una respuesta.<\/p>\n\n\n\n<p>Por ese motivo se trasladaron al sitio y se toparon con que el robo tuvo un desenlace tr\u00e1gico.<\/p>\n\n\n\n<p>Al lugar llegaron elementos de la Fuerza Civil, Polic\u00eda Estatal, Polic\u00eda Ministerial y Servicios Periciales de la Fiscal\u00eda General del Estado (FGE).<\/p>\n\n\n\n<p>Se trata del primer caso de asalto en la conurbaci\u00f3n de Xalapa y Emiliano Zapata, donde muere una persona durante este inicio de a\u00f1o.<\/p>\n\n\n\n<p>El gobernador del estado, Cuitl\u00e1huac Garc\u00eda Jim\u00e9nez, indic\u00f3 en su visita a al municipio de Yanga que el caso est\u00e1 siendo investigado y que adem\u00e1s se ha desplegado un operativo para dar con el paradero de los agresores.<\/p>\n","protected":false},"excerpt":{"rendered":"<p>Juan Arcos Xalapa, Ver.- Una pareja de adultos mayores fue asaltada al interior de su domicilio en el fraccionamiento El Porvenir, muy cerca de la Central de Abastos de Xalapa, donde la se\u00f1ora, de m\u00e1s de 70 a\u00f1os, fue asesinada. La abuelita fue encontrada sin vida y a su esposo gravemente herido, por lo que [&hellip;]<\/p>\n","protected":false},"author":1,"featured_media":21984,"comment_status":"open","ping_status":"open","sticky":false,"template":"","format":"standard","meta":{"_jetpack_memberships_contains_paid_content":false,"footnotes":""},"categories":[14],"tags":[],"class_list":["post-21983","post","type-post","status-publish","format-standard","has-post-thumbnail","hentry","category-policiaca"],"jetpack_featured_media_url":"https:\/\/encuentroinformativo.com.mx\/wp-content\/uploads\/2022\/01\/280DD504-AA4D-4690-8308-A98E4552CCBA.jpeg","jetpack_sharing_enabled":true,"jetpack_likes_enabled":true,"amp_enabled":true,"_links":{"self":[{"href":"https:\/\/encuentroinformativo.com.mx\/index.php?rest_route=\/wp\/v2\/posts\/21983","targetHints":{"allow":["GET"]}}],"collection":[{"href":"https:\/\/encuentroinformativo.com.mx\/index.php?rest_route=\/wp\/v2\/posts"}],"about":[{"href":"https:\/\/encuentroinformativo.com.mx\/index.php?rest_route=\/wp\/v2\/types\/post"}],"author":[{"embeddable":true,"href":"https:\/\/encuentroinformativo.com.mx\/index.php?rest_route=\/wp\/v2\/users\/1"}],"replies":[{"embeddable":true,"href":"https:\/\/encuentroinformativo.com.mx\/index.php?rest_route=%2Fwp%2Fv2%2Fcomments&post=21983"}],"version-history":[{"count":1,"href":"https:\/\/encuentroinformativo.com.mx\/index.php?rest_route=\/wp\/v2\/posts\/21983\/revisions"}],"predecessor-version":[{"id":21985,"href":"https:\/\/encuentroinformativo.com.mx\/index.php?rest_route=\/wp\/v2\/posts\/21983\/revisions\/21985"}],"wp:featuredmedia":[{"embeddable":true,"href":"https:\/\/encuentroinformativo.com.mx\/index.php?rest_route=\/wp\/v2\/media\/21984"}],"wp:attachment":[{"href":"https:\/\/encuentroinformativo.com.mx\/index.php?rest_route=%2Fwp%2Fv2%2Fmedia&parent=21983"}],"wp:term":[{"taxonomy":"category","embeddable":true,"href":"https:\/\/encuentroinformativo.com.mx\/index.php?rest_route=%2Fwp%2Fv2%2Fcategories&post=21983"},{"taxonomy":"post_tag","embeddable":true,"href":"https:\/\/encuentroinformativo.com.mx\/index.php?rest_route=%2Fwp%2Fv2%2Ftags&post=21983"}],"curies":[{"name":"wp","href":"https:\/\/api.w.org\/{rel}","templated":true}]}}