{"id":21986,"date":"2022-01-06T15:29:27","date_gmt":"2022-01-06T21:29:27","guid":{"rendered":"https:\/\/encuentroinformativo.com.mx\/?p=21986"},"modified":"2022-01-06T15:29:31","modified_gmt":"2022-01-06T21:29:31","slug":"visitan-turistas-europeos-pueblo-magico-de-coatepec","status":"publish","type":"post","link":"https:\/\/encuentroinformativo.com.mx\/?p=21986","title":{"rendered":"Visitan turistas europeos pueblo m\u00e1gico de Coatepec"},"content":{"rendered":"\n<p><strong>Juan Arcos<\/strong><\/p>\n\n\n\n<p>Xalapa, Ver.- En las \u00faltimas semanas, comerciantes que participan en el programa \u201cOrgullo Navide\u00f1o\u201d en el municipio de Coatepec, han recibido a visitantes, procedentes de Europa y de otros estados de la Rep\u00fablica.<\/p>\n\n\n\n<p>Han tenido clientes que son originarios de los estados de Chiapas, Puebla y la Ciudad de M\u00e9xico, as\u00ed como tambi\u00e9n de otros municipios de la entidad.<\/p>\n\n\n\n<p>Los vendedores y artesanos consideraron que la instalaci\u00f3n de la pista de hielo sobre la calle 5 de Mayo, desde el pasado 30 de noviembre, ha sido un \u00e9xito y ha permitido el arribo de miles de turistas.<\/p>\n\n\n\n<p>Tambi\u00e9n han llegado turistas de Espa\u00f1a y Alemania al Pueblo M\u00e1gico, quienes consideraron que el municipio es \u201chermoso\u201d.<br>Solo los libreros independientes que participan en el evento registraron un repunte en ventas superior al 50 por ciento.<\/p>\n\n\n\n<p>De acuerdo con Jos\u00e9 Jim\u00e9nez, encargado de un puesto de libros, ubicado sobre la calle San Jos\u00e9 del Campillo, a estas fechas la mayor\u00eda de los comerciantes han registrado ganancias econ\u00f3micas, toda vez que permanecen en el sitio.<\/p>\n\n\n\n<p>\u201cHasta de Europa nos visitaron. Una tipa me dijo que ven\u00eda de la regi\u00f3n vasca y otra me dijo que de Alemania. Dec\u00edan que es un lugar hermoso\u201d.<\/p>\n\n\n\n<p>Los vendedores y artesanos se encuentra en las inmediaciones del parque Miguel Hidalgo y la iglesia de San Jer\u00f3nimo, a pocos metros de la pista de hielo.<\/p>\n\n\n\n<p>\u201cNo nos podemos quejar ha estado bastante bien la venta y la gente que pasa si nos compra algo, para nosotros fue un buen evento. Hay quienes tienen mayor competencia y puede ser que no haya sido muy ben\u00e9fico pero yo creo que si siguen aqu\u00ed tienen la esperanza de que les vaya bien o les ha ido bien\u201d.<\/p>\n\n\n\n<p>Durante los fines de semana se ha observado a un mayor n\u00famero de visitantes, tanto en la pista de hielo como en los puestos que est\u00e1n bajo una enorme carpa blanca.<\/p>\n\n\n\n<p>\u201cYo creo que la venta se increment\u00f3 por lo menos en un 50 por ciento porque s\u00ed hemos tenido buenos resultados\u201d, enfatiz\u00f3 el comerciante.<\/p>\n\n\n\n<figure class=\"wp-block-image size-large\"><img loading=\"lazy\" decoding=\"async\" width=\"1024\" height=\"768\" src=\"https:\/\/encuentroinformativo.com.mx\/wp-content\/uploads\/2022\/01\/C567F766-3611-4C2C-9110-551CB5A3DAD9-1024x768.jpeg\" alt=\"\" class=\"wp-image-21988\" srcset=\"https:\/\/encuentroinformativo.com.mx\/wp-content\/uploads\/2022\/01\/C567F766-3611-4C2C-9110-551CB5A3DAD9-1024x768.jpeg 1024w, https:\/\/encuentroinformativo.com.mx\/wp-content\/uploads\/2022\/01\/C567F766-3611-4C2C-9110-551CB5A3DAD9-300x225.jpeg 300w, https:\/\/encuentroinformativo.com.mx\/wp-content\/uploads\/2022\/01\/C567F766-3611-4C2C-9110-551CB5A3DAD9-768x576.jpeg 768w, https:\/\/encuentroinformativo.com.mx\/wp-content\/uploads\/2022\/01\/C567F766-3611-4C2C-9110-551CB5A3DAD9-1536x1152.jpeg 1536w, https:\/\/encuentroinformativo.com.mx\/wp-content\/uploads\/2022\/01\/C567F766-3611-4C2C-9110-551CB5A3DAD9.jpeg 2016w\" sizes=\"auto, (max-width: 1024px) 100vw, 1024px\" \/><\/figure>\n","protected":false},"excerpt":{"rendered":"<p>Juan Arcos Xalapa, Ver.- En las \u00faltimas semanas, comerciantes que participan en el programa \u201cOrgullo Navide\u00f1o\u201d en el municipio de Coatepec, han recibido a visitantes, procedentes de Europa y de otros estados de la Rep\u00fablica. Han tenido clientes que son originarios de los estados de Chiapas, Puebla y la Ciudad de M\u00e9xico, as\u00ed como tambi\u00e9n [&hellip;]<\/p>\n","protected":false},"author":1,"featured_media":21987,"comment_status":"open","ping_status":"open","sticky":false,"template":"","format":"standard","meta":{"_jetpack_memberships_contains_paid_content":false,"footnotes":""},"categories":[8],"tags":[],"class_list":["post-21986","post","type-post","status-publish","format-standard","has-post-thumbnail","hentry","category-region"],"jetpack_featured_media_url":"https:\/\/encuentroinformativo.com.mx\/wp-content\/uploads\/2022\/01\/DA576711-8209-4990-8E0F-A38E6CD91951.jpeg","jetpack_sharing_enabled":true,"jetpack_likes_enabled":true,"amp_enabled":true,"_links":{"self":[{"href":"https:\/\/encuentroinformativo.com.mx\/index.php?rest_route=\/wp\/v2\/posts\/21986","targetHints":{"allow":["GET"]}}],"collection":[{"href":"https:\/\/encuentroinformativo.com.mx\/index.php?rest_route=\/wp\/v2\/posts"}],"about":[{"href":"https:\/\/encuentroinformativo.com.mx\/index.php?rest_route=\/wp\/v2\/types\/post"}],"author":[{"embeddable":true,"href":"https:\/\/encuentroinformativo.com.mx\/index.php?rest_route=\/wp\/v2\/users\/1"}],"replies":[{"embeddable":true,"href":"https:\/\/encuentroinformativo.com.mx\/index.php?rest_route=%2Fwp%2Fv2%2Fcomments&post=21986"}],"version-history":[{"count":1,"href":"https:\/\/encuentroinformativo.com.mx\/index.php?rest_route=\/wp\/v2\/posts\/21986\/revisions"}],"predecessor-version":[{"id":21989,"href":"https:\/\/encuentroinformativo.com.mx\/index.php?rest_route=\/wp\/v2\/posts\/21986\/revisions\/21989"}],"wp:featuredmedia":[{"embeddable":true,"href":"https:\/\/encuentroinformativo.com.mx\/index.php?rest_route=\/wp\/v2\/media\/21987"}],"wp:attachment":[{"href":"https:\/\/encuentroinformativo.com.mx\/index.php?rest_route=%2Fwp%2Fv2%2Fmedia&parent=21986"}],"wp:term":[{"taxonomy":"category","embeddable":true,"href":"https:\/\/encuentroinformativo.com.mx\/index.php?rest_route=%2Fwp%2Fv2%2Fcategories&post=21986"},{"taxonomy":"post_tag","embeddable":true,"href":"https:\/\/encuentroinformativo.com.mx\/index.php?rest_route=%2Fwp%2Fv2%2Ftags&post=21986"}],"curies":[{"name":"wp","href":"https:\/\/api.w.org\/{rel}","templated":true}]}}