{"id":21996,"date":"2022-01-06T15:46:55","date_gmt":"2022-01-06T21:46:55","guid":{"rendered":"https:\/\/encuentroinformativo.com.mx\/?p=21996"},"modified":"2022-01-06T15:46:59","modified_gmt":"2022-01-06T21:46:59","slug":"los-apoyos-de-gobierno-federal-al-campo-son-paliativos-segun-ugocp","status":"publish","type":"post","link":"https:\/\/encuentroinformativo.com.mx\/?p=21996","title":{"rendered":"Los apoyos de Gobierno Federal al campo son paliativos, seg\u00fan UGOCP"},"content":{"rendered":"\n<p><strong>Alejandro \u00c1vila<\/strong><\/p>\n\n\n\n<p>Veracruz, Ver.- El abandono al campo mexicano durante los \u00faltimos tres a\u00f1os por el Gobierno Federal ha rezado m\u00e1s a los productores primarios, asegur\u00f3 Luis G\u00f3mez Garay, l\u00edder nacional de la UGOCP.<\/p>\n\n\n\n<p>El abandono, acus\u00f3, ha crecido durante los \u00faltimos 24 meses y por ende, no se ha combatido la pobreza en M\u00e9xico; aunado a ello, los apoyos solo han sido paliativos para los productores primarios y contin\u00faa el rezago en las zonas rurales.<\/p>\n\n\n\n<p>\u201cAcus\u00e1bamos abandono durante los sexenios pasados, hoy podemos decir que ese abandono ha crecido m\u00e1s, sobre todo en la parte&nbsp; productiva que es en donde deber\u00eda combatirse la pobreza en el sector rural, no puede haber combate a la pobreza, si no desarrollas los instrumentos que permiten hacer producir al campo, no puede combatir la pobreza si meramente le damos paliativos\u201d, refut\u00f3.<\/p>\n\n\n\n<p>En ese sentido, asegur\u00f3 que se disminuy\u00f3 la capacidad de producci\u00f3n en diversos cultivos como el ma\u00edz y arroz, en \u00e9ste \u00faltimo grano, pr\u00e1cticamente se est\u00e1 acabando la siembra; en general, expuso, disminuy\u00f3 la producci\u00f3n un 23 por ciento.<\/p>\n\n\n\n<p>\u201cSe redujo la capacidad de producci\u00f3n hoy tenemos un proceso de retraso en la capacidad productiva, lo ha publicado hace algunos d\u00edas la Secretar\u00eda,&nbsp; tenemos 23 por ciento&nbsp; menos de capacidad productiva en nuestro campo y derivado de eso ha crecido el 13 por ciento de las importaciones de productos agroalimentarios\u201d.<\/p>\n","protected":false},"excerpt":{"rendered":"<p>Alejandro \u00c1vila Veracruz, Ver.- El abandono al campo mexicano durante los \u00faltimos tres a\u00f1os por el Gobierno Federal ha rezado m\u00e1s a los productores primarios, asegur\u00f3 Luis G\u00f3mez Garay, l\u00edder nacional de la UGOCP. El abandono, acus\u00f3, ha crecido durante los \u00faltimos 24 meses y por ende, no se ha combatido la pobreza en M\u00e9xico; [&hellip;]<\/p>\n","protected":false},"author":1,"featured_media":21997,"comment_status":"open","ping_status":"open","sticky":false,"template":"","format":"standard","meta":{"_jetpack_memberships_contains_paid_content":false,"footnotes":""},"categories":[2],"tags":[],"class_list":["post-21996","post","type-post","status-publish","format-standard","has-post-thumbnail","hentry","category-estado"],"jetpack_featured_media_url":"https:\/\/encuentroinformativo.com.mx\/wp-content\/uploads\/2022\/01\/BA59277E-7576-47D8-BB39-DCFC960CC09E.jpeg","jetpack_sharing_enabled":true,"jetpack_likes_enabled":true,"amp_enabled":true,"_links":{"self":[{"href":"https:\/\/encuentroinformativo.com.mx\/index.php?rest_route=\/wp\/v2\/posts\/21996","targetHints":{"allow":["GET"]}}],"collection":[{"href":"https:\/\/encuentroinformativo.com.mx\/index.php?rest_route=\/wp\/v2\/posts"}],"about":[{"href":"https:\/\/encuentroinformativo.com.mx\/index.php?rest_route=\/wp\/v2\/types\/post"}],"author":[{"embeddable":true,"href":"https:\/\/encuentroinformativo.com.mx\/index.php?rest_route=\/wp\/v2\/users\/1"}],"replies":[{"embeddable":true,"href":"https:\/\/encuentroinformativo.com.mx\/index.php?rest_route=%2Fwp%2Fv2%2Fcomments&post=21996"}],"version-history":[{"count":1,"href":"https:\/\/encuentroinformativo.com.mx\/index.php?rest_route=\/wp\/v2\/posts\/21996\/revisions"}],"predecessor-version":[{"id":21998,"href":"https:\/\/encuentroinformativo.com.mx\/index.php?rest_route=\/wp\/v2\/posts\/21996\/revisions\/21998"}],"wp:featuredmedia":[{"embeddable":true,"href":"https:\/\/encuentroinformativo.com.mx\/index.php?rest_route=\/wp\/v2\/media\/21997"}],"wp:attachment":[{"href":"https:\/\/encuentroinformativo.com.mx\/index.php?rest_route=%2Fwp%2Fv2%2Fmedia&parent=21996"}],"wp:term":[{"taxonomy":"category","embeddable":true,"href":"https:\/\/encuentroinformativo.com.mx\/index.php?rest_route=%2Fwp%2Fv2%2Fcategories&post=21996"},{"taxonomy":"post_tag","embeddable":true,"href":"https:\/\/encuentroinformativo.com.mx\/index.php?rest_route=%2Fwp%2Fv2%2Ftags&post=21996"}],"curies":[{"name":"wp","href":"https:\/\/api.w.org\/{rel}","templated":true}]}}