{"id":22011,"date":"2022-01-07T09:12:03","date_gmt":"2022-01-07T15:12:03","guid":{"rendered":"https:\/\/encuentroinformativo.com.mx\/?p=22011"},"modified":"2022-01-07T09:12:06","modified_gmt":"2022-01-07T15:12:06","slug":"derrotar-a-morena","status":"publish","type":"post","link":"https:\/\/encuentroinformativo.com.mx\/?p=22011","title":{"rendered":"Derrotar a Morena"},"content":{"rendered":"\n<p><strong>Los Pol\u00edticos<\/strong><\/p>\n\n\n\n<p><strong>Salvador Mu\u00f1oz<\/strong><\/p>\n\n\n\n<p>Es para muchos un hecho de que Morena no tiene Oposici\u00f3n\u2026 a lo largo y ancho del pa\u00eds, en el \u00e1mbito federal, en los estados donde gobierna, en el Congreso, no tiene Oposici\u00f3n, entendida \u00e9sta como un equilibrio de poderes, de fuerzas, visto esto como una lucha pol\u00edtica entre iguales\u2026 pero la democracia no es as\u00ed, por eso, Morena no tiene Oposici\u00f3n pero s\u00ed rivales y en una de \u00e9sas, hasta enemigos.<\/p>\n\n\n\n<p>Con tres a\u00f1os asentado en el Poder, a muchos nos queda claro que la fuerza adquirida trae una inercia crece y en unas, por convicci\u00f3n; en otras, por conveniencia\u2026 \u00bfa qui\u00e9n no le gusta estar del lado del Poder si eso te puede generar a la vez Poder?<\/p>\n\n\n\n<p>El PAN, quien hace tres a\u00f1os se posicion\u00f3 como la fuerza natural de contrapeso para Morena, de repente se desinfl\u00f3.<\/p>\n\n\n\n<p>El PRI paga las consecuencias de los excesos del Poder ante la embriaguez de algunos presidentes y gobernadores, diputados, senadores y entonces, todos los militantes pagaron las consecuencias y de las siglas, sus rivales hicieron un estigma.<\/p>\n\n\n\n<p>El PRD surgi\u00f3 pero tuvo una implosi\u00f3n\u2026<\/p>\n\n\n\n<p>Movimiento Ciudadano sue\u00f1a con ser el partido de izquierda, de la gente\u2026 ha tenido un avance significativo\u2026<\/p>\n\n\n\n<p>Pero la conclusi\u00f3n es aplastante: Dif\u00edcilmente cada uno de ellos representa Oposici\u00f3n para Morena\u2026 en alianza, a trancazos dan la batalla contra Morena\u2026 \u00a1gatos panzarriba!<\/p>\n\n\n\n<p>Han pasado tres a\u00f1os y Morena se ha significado un Poder similar al que en su momento tuvo el PRI pero con una evoluci\u00f3n incre\u00edble\u2026 al menos en Veracruz\u2026<\/p>\n\n\n\n<p>Hace menos de un mes, Cuitl\u00e1huac Garc\u00eda estaba en los cuernos de la luna al haber logrado lo que un Gobernador sue\u00f1a cuando est\u00e1 en la pinche plenitud del Poder: Control del Legislativo, Control del Judicial, Control de la Fiscal\u00eda, Control del Orfis\u2026 \u00a1el Control Total!<\/p>\n\n\n\n<p>Y tener el Control Total implica Poder Total aunque \u00e9ste la mayor parte de las veces se malentienda\u2026 se llega al grado de la Omnipotencia excusada por el Bien del Pueblo\u2026 una especie de mesianismo amparado en alg\u00fan vers\u00edculo de Mateo: el que&nbsp; no est\u00e1 conmigo, est\u00e1 contra m\u00ed\u2026<\/p>\n\n\n\n<p>Entonces, con una oposici\u00f3n d\u00e9bil, menguada, insuficiente para hacer contrapeso a las locuras del Emperador, \u00bfqu\u00e9 se puede hacer?<\/p>\n\n\n\n<p>Entender s\u00f3lo una cosa:<\/p>\n\n\n\n<p>Cuando tengas la certeza de que el gran poder que enfrentas es imposible de vencer por tus propios medios, debes buscar sus lados flacos y atacarlos\u2026 porque de los pilares, de sus torres, de sus fortalezas, ese mismo poder se encargar\u00e1 de destruirlos, de destruirse a s\u00ed mismo\u2026<\/p>\n\n\n\n<p>Morena se ha encargado de minar a Cuitl\u00e1huac Garc\u00eda, al grado de que los morenos hayan salido en redes sociales pidi\u00e9ndole \u201cresistencia\u201d a Cuic ante los embates de sus correligionarios\u2026<\/p>\n\n\n\n<p>En pocas palabras, en Veracruz, parece que a Morena s\u00f3lo lo vencer\u00e1 Morena\u2026 aunque ello no implique su derrota.<\/p>\n\n\n\n<p><a>smcainito@gmail.com<\/a><\/p>\n","protected":false},"excerpt":{"rendered":"<p>Los Pol\u00edticos Salvador Mu\u00f1oz Es para muchos un hecho de que Morena no tiene Oposici\u00f3n\u2026 a lo largo y ancho del pa\u00eds, en el \u00e1mbito federal, en los estados donde gobierna, en el Congreso, no tiene Oposici\u00f3n, entendida \u00e9sta como un equilibrio de poderes, de fuerzas, visto esto como una lucha pol\u00edtica entre iguales\u2026 pero [&hellip;]<\/p>\n","protected":false},"author":1,"featured_media":387,"comment_status":"open","ping_status":"open","sticky":false,"template":"","format":"standard","meta":{"_jetpack_memberships_contains_paid_content":false,"footnotes":""},"categories":[11],"tags":[],"class_list":["post-22011","post","type-post","status-publish","format-standard","has-post-thumbnail","hentry","category-opinion"],"jetpack_featured_media_url":"https:\/\/encuentroinformativo.com.mx\/wp-content\/uploads\/2020\/03\/7CF8A22B-2764-47BE-8F7F-38FE9E5D6A2F.jpeg","jetpack_sharing_enabled":true,"jetpack_likes_enabled":true,"amp_enabled":true,"_links":{"self":[{"href":"https:\/\/encuentroinformativo.com.mx\/index.php?rest_route=\/wp\/v2\/posts\/22011","targetHints":{"allow":["GET"]}}],"collection":[{"href":"https:\/\/encuentroinformativo.com.mx\/index.php?rest_route=\/wp\/v2\/posts"}],"about":[{"href":"https:\/\/encuentroinformativo.com.mx\/index.php?rest_route=\/wp\/v2\/types\/post"}],"author":[{"embeddable":true,"href":"https:\/\/encuentroinformativo.com.mx\/index.php?rest_route=\/wp\/v2\/users\/1"}],"replies":[{"embeddable":true,"href":"https:\/\/encuentroinformativo.com.mx\/index.php?rest_route=%2Fwp%2Fv2%2Fcomments&post=22011"}],"version-history":[{"count":1,"href":"https:\/\/encuentroinformativo.com.mx\/index.php?rest_route=\/wp\/v2\/posts\/22011\/revisions"}],"predecessor-version":[{"id":22012,"href":"https:\/\/encuentroinformativo.com.mx\/index.php?rest_route=\/wp\/v2\/posts\/22011\/revisions\/22012"}],"wp:featuredmedia":[{"embeddable":true,"href":"https:\/\/encuentroinformativo.com.mx\/index.php?rest_route=\/wp\/v2\/media\/387"}],"wp:attachment":[{"href":"https:\/\/encuentroinformativo.com.mx\/index.php?rest_route=%2Fwp%2Fv2%2Fmedia&parent=22011"}],"wp:term":[{"taxonomy":"category","embeddable":true,"href":"https:\/\/encuentroinformativo.com.mx\/index.php?rest_route=%2Fwp%2Fv2%2Fcategories&post=22011"},{"taxonomy":"post_tag","embeddable":true,"href":"https:\/\/encuentroinformativo.com.mx\/index.php?rest_route=%2Fwp%2Fv2%2Ftags&post=22011"}],"curies":[{"name":"wp","href":"https:\/\/api.w.org\/{rel}","templated":true}]}}