{"id":22018,"date":"2022-01-07T11:10:32","date_gmt":"2022-01-07T17:10:32","guid":{"rendered":"https:\/\/encuentroinformativo.com.mx\/?p=22018"},"modified":"2022-01-07T11:10:35","modified_gmt":"2022-01-07T17:10:35","slug":"capacitaran-a-productores-en-comercializacion-carlos-sosa","status":"publish","type":"post","link":"https:\/\/encuentroinformativo.com.mx\/?p=22018","title":{"rendered":"Capacitar\u00e1n a productores en comercializaci\u00f3n:  Carlos Sosa"},"content":{"rendered":"\n<p><strong>Alejandro \u00c1vila<\/strong><\/p>\n\n\n\n<p>Veracruz, Ver.- El director de Fomento Agropecuario del municipio de Veracruz y Desarrollo Rural, Carlos Sosa Ahumada, apunt\u00f3 que no solo se trata de entregar pacas de forraje, semillas, fertilizante y plaguicidas para los productores primarios de la ciudad; sino tambi\u00e9n se deben promover cursos para mejorar sus producci\u00f3n y comercializaci\u00f3n.<\/p>\n\n\n\n<p>En ese sentido, dijo que trabajar\u00e1 de la mano con otras direcciones como Desarrollo Econ\u00f3mico, Comercio, Desarrollo Social, Desarrollo Portuario y Gesti\u00f3n Gubernamental, pues hay que crear las condiciones necesarias para que los productores crezcan.<\/p>\n\n\n\n<p>\u201cAfortunadamente a eso me he dedicado toda mi vida, independientemente que hemos estado dentro y fuera de la administraci\u00f3n p\u00fablica, somos productores agropecuarios, ganaderos, ca\u00f1eros, y obviamente el municipio de Veracruz tiene una fuente importante de personas que se dedican a este tipo de actividades y a otras m\u00e1s, diversas o involucradas en la producci\u00f3n de alimentos, como es la cadena o toda la cadena de producci\u00f3n de alimentos, no solo el que lo produce, sino todo el que lo comercializa y dem\u00e1s, tendremos que trabajar y vamos a trabajar mucho en conjunto con las direcciones\u201d, enfatiz\u00f3.<\/p>\n\n\n\n<p>El tambi\u00e9n empresario local, reconoci\u00f3 que, si bien el municipio cuenta con un grupo menor de productores primaros en comparaci\u00f3n con la zona sur o norte del Estado, cada vez m\u00e1s ha ido creciendo el n\u00famero de trabajadores del campo del Puerto de Veracruz que buscan expandir sus redes de distribuci\u00f3n, pues presentan un producto de calidad.<\/p>\n\n\n\n<p>\u201cCada vez sigue creciendo el municipio m\u00e1s y obviamente va a requerir de un mayor consumo y producci\u00f3n agropecuaria, entonces vamos a hacer todo nuestro esfuerzo para que, en coordinaci\u00f3n con todas las \u00e1reas responsables, pues podamos sacar adelante este compromiso\u201d, subray\u00f3.<\/p>\n\n\n\n<p>Sosa Ahumada mencion\u00f3 que revisar\u00e1 las actividades del titular anterior de la direcci\u00f3n, pues asegur\u00f3 no se trata de borrar y empezar de nuevo, por lo que dijo continuar\u00e1n los programas que hayan dado buenos dividendos e implementar\u00e1 otros m\u00e1s.<\/p>\n","protected":false},"excerpt":{"rendered":"<p>Alejandro \u00c1vila Veracruz, Ver.- El director de Fomento Agropecuario del municipio de Veracruz y Desarrollo Rural, Carlos Sosa Ahumada, apunt\u00f3 que no solo se trata de entregar pacas de forraje, semillas, fertilizante y plaguicidas para los productores primarios de la ciudad; sino tambi\u00e9n se deben promover cursos para mejorar sus producci\u00f3n y comercializaci\u00f3n. En ese [&hellip;]<\/p>\n","protected":false},"author":1,"featured_media":22019,"comment_status":"open","ping_status":"open","sticky":false,"template":"","format":"standard","meta":{"_jetpack_memberships_contains_paid_content":false,"footnotes":""},"categories":[2],"tags":[],"class_list":["post-22018","post","type-post","status-publish","format-standard","has-post-thumbnail","hentry","category-estado"],"jetpack_featured_media_url":"https:\/\/encuentroinformativo.com.mx\/wp-content\/uploads\/2022\/01\/8F4B6F05-3731-49FF-B5DF-695D6EC076D5.jpeg","jetpack_sharing_enabled":true,"jetpack_likes_enabled":true,"amp_enabled":true,"_links":{"self":[{"href":"https:\/\/encuentroinformativo.com.mx\/index.php?rest_route=\/wp\/v2\/posts\/22018","targetHints":{"allow":["GET"]}}],"collection":[{"href":"https:\/\/encuentroinformativo.com.mx\/index.php?rest_route=\/wp\/v2\/posts"}],"about":[{"href":"https:\/\/encuentroinformativo.com.mx\/index.php?rest_route=\/wp\/v2\/types\/post"}],"author":[{"embeddable":true,"href":"https:\/\/encuentroinformativo.com.mx\/index.php?rest_route=\/wp\/v2\/users\/1"}],"replies":[{"embeddable":true,"href":"https:\/\/encuentroinformativo.com.mx\/index.php?rest_route=%2Fwp%2Fv2%2Fcomments&post=22018"}],"version-history":[{"count":1,"href":"https:\/\/encuentroinformativo.com.mx\/index.php?rest_route=\/wp\/v2\/posts\/22018\/revisions"}],"predecessor-version":[{"id":22020,"href":"https:\/\/encuentroinformativo.com.mx\/index.php?rest_route=\/wp\/v2\/posts\/22018\/revisions\/22020"}],"wp:featuredmedia":[{"embeddable":true,"href":"https:\/\/encuentroinformativo.com.mx\/index.php?rest_route=\/wp\/v2\/media\/22019"}],"wp:attachment":[{"href":"https:\/\/encuentroinformativo.com.mx\/index.php?rest_route=%2Fwp%2Fv2%2Fmedia&parent=22018"}],"wp:term":[{"taxonomy":"category","embeddable":true,"href":"https:\/\/encuentroinformativo.com.mx\/index.php?rest_route=%2Fwp%2Fv2%2Fcategories&post=22018"},{"taxonomy":"post_tag","embeddable":true,"href":"https:\/\/encuentroinformativo.com.mx\/index.php?rest_route=%2Fwp%2Fv2%2Ftags&post=22018"}],"curies":[{"name":"wp","href":"https:\/\/api.w.org\/{rel}","templated":true}]}}