{"id":22021,"date":"2022-01-07T12:32:05","date_gmt":"2022-01-07T18:32:05","guid":{"rendered":"https:\/\/encuentroinformativo.com.mx\/?p=22021"},"modified":"2022-01-07T12:32:09","modified_gmt":"2022-01-07T18:32:09","slug":"diciembre-registro-mejor-ocupacion-del-2021-hoteleros","status":"publish","type":"post","link":"https:\/\/encuentroinformativo.com.mx\/?p=22021","title":{"rendered":"Diciembre registr\u00f3 mejor ocupaci\u00f3n del 2021: Hoteleros"},"content":{"rendered":"\n<p><strong>Alejandro \u00c1vila<\/strong><br><strong>Foto: J<\/strong>ocelyn Medina\/Cortes\u00eda <\/p>\n\n\n\n<p>Veracruz, Ver.- El mes de diciembre podr\u00eda ser catalogado como el mejor del 2021 en ocupaci\u00f3n hotelera, asegur\u00f3 el presidente del Consejo Metropolitano de Turismo (COMETUR), Sergio Lois Heredia, pues tan solo en la \u00faltima semana hubo una ocupaci\u00f3n hotelera superior al 70 por ciento.<\/p>\n\n\n\n<p>En general, durante el mes de diciembre la ocupaci\u00f3n fue del 52 por ciento pues explic\u00f3 que, aunque la expectativa era del 60 por ciento, las primeras dos semanas del mes fueron bastante bajas.<\/p>\n\n\n\n<p>\u201cSe ten\u00edan porcentajes del 33 \u2013 40 por ciento, pero ya por ejemplo lo que fue la \u00faltima semana, se tuvo un porcentaje de ocupaci\u00f3n del 75 por ciento promedio, entonces eso ayud\u00f3 a poder cerrar en esos promedios y pues bueno, s\u00ed poder tener un diciembre que puede ser catalogado sin lugar a ninguna duda, como el mejor mes del 2021\u201d, apunt\u00f3.<\/p>\n\n\n\n<p>El empresario veracruzano reconoci\u00f3 que s\u00ed vislumbra un primer bimestre muy complicado, debido al alza de contagios que se han dado durante los \u00faltimos d\u00edas, aunque conf\u00edan que no lleguen a los lamentables n\u00fameros del primer bimestre del 2021.<\/p>\n\n\n\n<p>\u201cEsperemos que no sea tan complicado como en el a\u00f1o pasado, el a\u00f1o pasado el primer bimestre fue muy dif\u00edcil, lo que fueron los meses de enero y febrero y a mediados de marzo empez\u00f3 a mejorar lo que fue la ocupaci\u00f3n en aquella \u00e9poca. Ahorita estamos viendo que probablemente tengamos un bimestre complicado, pero esperamos que no sea tan complicado como el del a\u00f1o pasado\u201d, remat\u00f3.<\/p>\n\n\n\n<p>Expuso que han analizado que, en las diversas olas de contagios, el impacto econ\u00f3mico ha ido disminuyendo, pues mencion\u00f3 que la primera ola fue fatal, a tal grado que muchos hoteles tuvieron que cerrar.<\/p>\n\n\n\n<p>\u201cPara la segunda ola, ya no tra\u00edamos cierre de hoteles, pero s\u00ed vimos ocupaciones muy bajas, y bueno posteriormente lo que hemos estado observando es que, s\u00ed hay bajas en las ventas cada vez que hay aumento en los contagios, pero ya no llega a ser tan extremo como las primeras veces. Entonces es lo que estamos esperando ahorita para el primer bimestre, al parecer vamos a tener una baja en las ventas, va a ser un primer bimestre complicado, pero menos complicado de lo que ya hemos vivido en los \u00faltimos dos a\u00f1os\u201d, asest\u00f3.<\/p>\n","protected":false},"excerpt":{"rendered":"<p>Alejandro \u00c1vilaFoto: Jocelyn Medina\/Cortes\u00eda Veracruz, Ver.- El mes de diciembre podr\u00eda ser catalogado como el mejor del 2021 en ocupaci\u00f3n hotelera, asegur\u00f3 el presidente del Consejo Metropolitano de Turismo (COMETUR), Sergio Lois Heredia, pues tan solo en la \u00faltima semana hubo una ocupaci\u00f3n hotelera superior al 70 por ciento. En general, durante el mes de [&hellip;]<\/p>\n","protected":false},"author":1,"featured_media":22022,"comment_status":"open","ping_status":"open","sticky":false,"template":"","format":"standard","meta":{"_jetpack_memberships_contains_paid_content":false,"footnotes":""},"categories":[2],"tags":[],"class_list":["post-22021","post","type-post","status-publish","format-standard","has-post-thumbnail","hentry","category-estado"],"jetpack_featured_media_url":"https:\/\/encuentroinformativo.com.mx\/wp-content\/uploads\/2022\/01\/80C78AEA-5DD7-4F84-A7BB-57186C0D680E.jpeg","jetpack_sharing_enabled":true,"jetpack_likes_enabled":true,"amp_enabled":true,"_links":{"self":[{"href":"https:\/\/encuentroinformativo.com.mx\/index.php?rest_route=\/wp\/v2\/posts\/22021","targetHints":{"allow":["GET"]}}],"collection":[{"href":"https:\/\/encuentroinformativo.com.mx\/index.php?rest_route=\/wp\/v2\/posts"}],"about":[{"href":"https:\/\/encuentroinformativo.com.mx\/index.php?rest_route=\/wp\/v2\/types\/post"}],"author":[{"embeddable":true,"href":"https:\/\/encuentroinformativo.com.mx\/index.php?rest_route=\/wp\/v2\/users\/1"}],"replies":[{"embeddable":true,"href":"https:\/\/encuentroinformativo.com.mx\/index.php?rest_route=%2Fwp%2Fv2%2Fcomments&post=22021"}],"version-history":[{"count":1,"href":"https:\/\/encuentroinformativo.com.mx\/index.php?rest_route=\/wp\/v2\/posts\/22021\/revisions"}],"predecessor-version":[{"id":22023,"href":"https:\/\/encuentroinformativo.com.mx\/index.php?rest_route=\/wp\/v2\/posts\/22021\/revisions\/22023"}],"wp:featuredmedia":[{"embeddable":true,"href":"https:\/\/encuentroinformativo.com.mx\/index.php?rest_route=\/wp\/v2\/media\/22022"}],"wp:attachment":[{"href":"https:\/\/encuentroinformativo.com.mx\/index.php?rest_route=%2Fwp%2Fv2%2Fmedia&parent=22021"}],"wp:term":[{"taxonomy":"category","embeddable":true,"href":"https:\/\/encuentroinformativo.com.mx\/index.php?rest_route=%2Fwp%2Fv2%2Fcategories&post=22021"},{"taxonomy":"post_tag","embeddable":true,"href":"https:\/\/encuentroinformativo.com.mx\/index.php?rest_route=%2Fwp%2Fv2%2Ftags&post=22021"}],"curies":[{"name":"wp","href":"https:\/\/api.w.org\/{rel}","templated":true}]}}