{"id":22024,"date":"2022-01-07T12:42:55","date_gmt":"2022-01-07T18:42:55","guid":{"rendered":"https:\/\/encuentroinformativo.com.mx\/?p=22024"},"modified":"2022-01-07T12:42:58","modified_gmt":"2022-01-07T18:42:58","slug":"ante-hechos-violentos-no-habra-impunidad-insiste-gobernador","status":"publish","type":"post","link":"https:\/\/encuentroinformativo.com.mx\/?p=22024","title":{"rendered":"Ante hechos violentos; no habr\u00e1 impunidad, insiste Gobernador"},"content":{"rendered":"\n<p><strong>Dar\u00edo Pale <\/strong><\/p>\n\n\n\n<p>Xalapa, Ver.- El gobernador Cuitl\u00e1huac Garc\u00eda Jim\u00e9nez asever\u00f3 que en Veracruz no hay impunidad ni se va a permitir que un acto de venganza entre grupos delincuenciales atente contra la tranquilidad de los veracruzanos.<\/p>\n\n\n\n<p>Esto, luego de que los cuerpos de al menos nueve personas fueran abandonados en la carretera Isla-Santiago Tuxtla, para lo cual ya tuvo el mandatario comunicaci\u00f3n con la Secretar\u00eda de Seguridad y Protecci\u00f3n Ciudadana y pronto est\u00e9 dando noticias.<\/p>\n\n\n\n<p>Mientras tanto, ha sido desplegado un operativo con el apoyo del Gobierno y las instituciones federales como Marina, SEDENA y Guardia Nacional, en coordinaci\u00f3n con la Secretar\u00eda de Seguridad P\u00fablica estatal.<br>Garc\u00eda Jim\u00e9nez dej\u00f3 en claro que quien cometa cualquier delito del fuero com\u00fan o federal, sobre todo homicidios, quedar\u00e1 sujeto a la justicia.<\/p>\n\n\n\n<p>Vamos a actuar de manera contundente con todos los grupos que antes ten\u00edan acuerdos con las administraciones estatales y hoy se les combate con todo el rigor de la ley.<\/p>\n\n\n\n<p>Agreg\u00f3 que est\u00e1n molestos pero no importa, \u201cporque nosotros estamos para atender la seguridad de la poblaci\u00f3n y vamos tras todos ellos, sin distingo\u201d.<\/p>\n","protected":false},"excerpt":{"rendered":"<p>Dar\u00edo Pale Xalapa, Ver.- El gobernador Cuitl\u00e1huac Garc\u00eda Jim\u00e9nez asever\u00f3 que en Veracruz no hay impunidad ni se va a permitir que un acto de venganza entre grupos delincuenciales atente contra la tranquilidad de los veracruzanos. Esto, luego de que los cuerpos de al menos nueve personas fueran abandonados en la carretera Isla-Santiago Tuxtla, para [&hellip;]<\/p>\n","protected":false},"author":1,"featured_media":22025,"comment_status":"open","ping_status":"open","sticky":false,"template":"","format":"standard","meta":{"_jetpack_memberships_contains_paid_content":false,"footnotes":""},"categories":[2],"tags":[],"class_list":["post-22024","post","type-post","status-publish","format-standard","has-post-thumbnail","hentry","category-estado"],"jetpack_featured_media_url":"https:\/\/encuentroinformativo.com.mx\/wp-content\/uploads\/2022\/01\/D771E6BB-5133-4E03-BE1B-9EC4F808AD51.jpeg","jetpack_sharing_enabled":true,"jetpack_likes_enabled":true,"amp_enabled":true,"_links":{"self":[{"href":"https:\/\/encuentroinformativo.com.mx\/index.php?rest_route=\/wp\/v2\/posts\/22024","targetHints":{"allow":["GET"]}}],"collection":[{"href":"https:\/\/encuentroinformativo.com.mx\/index.php?rest_route=\/wp\/v2\/posts"}],"about":[{"href":"https:\/\/encuentroinformativo.com.mx\/index.php?rest_route=\/wp\/v2\/types\/post"}],"author":[{"embeddable":true,"href":"https:\/\/encuentroinformativo.com.mx\/index.php?rest_route=\/wp\/v2\/users\/1"}],"replies":[{"embeddable":true,"href":"https:\/\/encuentroinformativo.com.mx\/index.php?rest_route=%2Fwp%2Fv2%2Fcomments&post=22024"}],"version-history":[{"count":1,"href":"https:\/\/encuentroinformativo.com.mx\/index.php?rest_route=\/wp\/v2\/posts\/22024\/revisions"}],"predecessor-version":[{"id":22026,"href":"https:\/\/encuentroinformativo.com.mx\/index.php?rest_route=\/wp\/v2\/posts\/22024\/revisions\/22026"}],"wp:featuredmedia":[{"embeddable":true,"href":"https:\/\/encuentroinformativo.com.mx\/index.php?rest_route=\/wp\/v2\/media\/22025"}],"wp:attachment":[{"href":"https:\/\/encuentroinformativo.com.mx\/index.php?rest_route=%2Fwp%2Fv2%2Fmedia&parent=22024"}],"wp:term":[{"taxonomy":"category","embeddable":true,"href":"https:\/\/encuentroinformativo.com.mx\/index.php?rest_route=%2Fwp%2Fv2%2Fcategories&post=22024"},{"taxonomy":"post_tag","embeddable":true,"href":"https:\/\/encuentroinformativo.com.mx\/index.php?rest_route=%2Fwp%2Fv2%2Ftags&post=22024"}],"curies":[{"name":"wp","href":"https:\/\/api.w.org\/{rel}","templated":true}]}}