{"id":2203,"date":"2020-04-29T14:27:08","date_gmt":"2020-04-29T19:27:08","guid":{"rendered":"https:\/\/encuentroinformativo.com\/?p=2203"},"modified":"2020-04-29T14:27:10","modified_gmt":"2020-04-29T19:27:10","slug":"cierre-de-negocios-podria-ser-definitivo-canaco","status":"publish","type":"post","link":"https:\/\/encuentroinformativo.com.mx\/?p=2203","title":{"rendered":"Cierre de negocios podr\u00eda ser definitivo: CANACO"},"content":{"rendered":"\n<p><strong>Dar\u00edo Pale <\/strong><\/p>\n\n\n\n<p>Xalapa, Ver.- El presidente de la C\u00e1mara Nacional de Comercio (Canaco) en Xalapa, Bernardo Mart\u00ednez R\u00edos, calific\u00f3 como una pandemia la econ\u00f3mica, debido a las dificultades salariales y laborales que se vive actualmente provocado por el coronavirus.<\/p>\n\n\n\n<p>En conferencia de prensa realizada en conocido hotel de Xalapa asegur\u00f3 que del 30 por ciento de los negocios de la capital veracruzana que han cerrado y es probable que de este porcentaje la mitad ya no volver\u00e1n a abrir.<\/p>\n\n\n\n<p>De acuerdo con la m\u00e9trica que realiz\u00f3 el sector empresarial han calculado que de esa misma manera el 30 por ciento de personas han perdido sus empleos de manera definitiva.<\/p>\n\n\n\n<p>&#8220;Desde hace dos semanas el 30 por ciento de los negocios comenzaron a despedir al personal. Cabe recordar que hay giros que han disminuido su actividad y otros ya cerraron&#8221;, se\u00f1al\u00f3 el empresario.<\/p>\n\n\n\n<p>Finalmente dio a conocer que al menos en lo que corresponde a la capital veracruzana dijo que es complicado dar cifras precisas porque todos los d\u00edas los datos cambian y &#8220;el negocio que no cerr\u00f3 hace unos d\u00edas, es probable que cierre hoy o en los siguientes d\u00edas&#8221;.<\/p>\n\n\n\n<p><\/p>\n","protected":false},"excerpt":{"rendered":"<p>Dar\u00edo Pale Xalapa, Ver.- El presidente de la C\u00e1mara Nacional de Comercio (Canaco) en Xalapa, Bernardo Mart\u00ednez R\u00edos, calific\u00f3 como una pandemia la econ\u00f3mica, debido a las dificultades salariales y laborales que se vive actualmente provocado por el coronavirus. En conferencia de prensa realizada en conocido hotel de Xalapa asegur\u00f3 que del 30 por ciento [&hellip;]<\/p>\n","protected":false},"author":1,"featured_media":2205,"comment_status":"open","ping_status":"open","sticky":false,"template":"","format":"standard","meta":{"_jetpack_memberships_contains_paid_content":false,"footnotes":""},"categories":[3],"tags":[],"class_list":["post-2203","post","type-post","status-publish","format-standard","has-post-thumbnail","hentry","category-xalapa"],"jetpack_featured_media_url":"https:\/\/encuentroinformativo.com.mx\/wp-content\/uploads\/2020\/04\/DB264693-90F5-421E-8959-5A3C089C067B.jpeg","jetpack_sharing_enabled":true,"jetpack_likes_enabled":true,"amp_enabled":true,"_links":{"self":[{"href":"https:\/\/encuentroinformativo.com.mx\/index.php?rest_route=\/wp\/v2\/posts\/2203","targetHints":{"allow":["GET"]}}],"collection":[{"href":"https:\/\/encuentroinformativo.com.mx\/index.php?rest_route=\/wp\/v2\/posts"}],"about":[{"href":"https:\/\/encuentroinformativo.com.mx\/index.php?rest_route=\/wp\/v2\/types\/post"}],"author":[{"embeddable":true,"href":"https:\/\/encuentroinformativo.com.mx\/index.php?rest_route=\/wp\/v2\/users\/1"}],"replies":[{"embeddable":true,"href":"https:\/\/encuentroinformativo.com.mx\/index.php?rest_route=%2Fwp%2Fv2%2Fcomments&post=2203"}],"version-history":[{"count":1,"href":"https:\/\/encuentroinformativo.com.mx\/index.php?rest_route=\/wp\/v2\/posts\/2203\/revisions"}],"predecessor-version":[{"id":2206,"href":"https:\/\/encuentroinformativo.com.mx\/index.php?rest_route=\/wp\/v2\/posts\/2203\/revisions\/2206"}],"wp:featuredmedia":[{"embeddable":true,"href":"https:\/\/encuentroinformativo.com.mx\/index.php?rest_route=\/wp\/v2\/media\/2205"}],"wp:attachment":[{"href":"https:\/\/encuentroinformativo.com.mx\/index.php?rest_route=%2Fwp%2Fv2%2Fmedia&parent=2203"}],"wp:term":[{"taxonomy":"category","embeddable":true,"href":"https:\/\/encuentroinformativo.com.mx\/index.php?rest_route=%2Fwp%2Fv2%2Fcategories&post=2203"},{"taxonomy":"post_tag","embeddable":true,"href":"https:\/\/encuentroinformativo.com.mx\/index.php?rest_route=%2Fwp%2Fv2%2Ftags&post=2203"}],"curies":[{"name":"wp","href":"https:\/\/api.w.org\/{rel}","templated":true}]}}