{"id":22035,"date":"2022-01-07T14:54:54","date_gmt":"2022-01-07T20:54:54","guid":{"rendered":"https:\/\/encuentroinformativo.com.mx\/?p=22035"},"modified":"2022-01-07T14:54:58","modified_gmt":"2022-01-07T20:54:58","slug":"ediles-justifican-ausencia-por-remodelacion-de-oficinas","status":"publish","type":"post","link":"https:\/\/encuentroinformativo.com.mx\/?p=22035","title":{"rendered":"Ediles justifican ausencia por remodelaci\u00f3n de oficinas"},"content":{"rendered":"\n<p><strong>Alejandro \u00c1vila<\/strong><\/p>\n\n\n\n<p>Veracruz, Ver.- Ante la denuncia en redes sociales, que acusaba a varios regidores del Ayuntamiento de Veracruz de no estar en sus respectivas oficinas, el edil morenista, Daniel Mart\u00edn Lois, aclar\u00f3 que se debe a la remodelaci\u00f3n de las mismas.<\/p>\n\n\n\n<p>El empresario mencion\u00f3 que no todas fueron recibidas en mal estado, y aclar\u00f3 que no solo se trata de las regidur\u00edas de ediles morenista, pues tambi\u00e9n algunas de panistas y la del PRI, tambi\u00e9n reciben mantenimiento.<\/p>\n\n\n\n<p>&#8220;Es un argumento bastante escazo los que est\u00e1n poniendo del tema, porque se ha participado a todos los eventos a donde nos han convocado y hemos tenido reuniones previas aqu\u00ed en un sal\u00f3n del hotel, debido a que las oficinas no est\u00e1n en plenas condiciones&#8221;, resalt\u00f3.<\/p>\n\n\n\n<p>El regidor octavo, dijo que tan solo su oficina tiene un problema de drenaje, adem\u00e1s de otros da\u00f1os menores que est\u00e1n subsanando al momento, pero espera antes de la primer quincena del mes, ya poder atender a la ciudadan\u00eda en la oficina que le asignaron.<\/p>\n\n\n\n<p>Al respecto de las comisiones que le fueron encomendadas, dijo que en lq de Juventud, buscar\u00e1 apoyar a los jovenes a realizar negocios v\u00eda el emprendimiento, promocionando cursos y programas sociales que mejoren la calidad de sus proyectos de negocio.<\/p>\n\n\n\n<p>Mientras que en Desempe\u00f1o, podr\u00e1 analizar que todas las direcciones funcionen de manera correcta, a fin de poder concretar el Plan de Desarrollo Municipal que se plantee el Ayuntamiento durante los pr\u00f3ximos cuatro a\u00f1os.<\/p>\n\n\n\n<p>&#8220;No se piden, la presidenta municipal las asigna, creeriamos que las comisiones tendr\u00edan que ir aunadas a las capacidades o al conocimiento de cada uno de los ediles, en mi caso pues tendr\u00eda que haber sido con Comercio, Turismo, Desarrollo Econ\u00f3mico, Carnaval, pero bueno, no estoy descontento con las comisiones que se me dieron&#8221;, asest\u00f3.<\/p>\n","protected":false},"excerpt":{"rendered":"<p>Alejandro \u00c1vila Veracruz, Ver.- Ante la denuncia en redes sociales, que acusaba a varios regidores del Ayuntamiento de Veracruz de no estar en sus respectivas oficinas, el edil morenista, Daniel Mart\u00edn Lois, aclar\u00f3 que se debe a la remodelaci\u00f3n de las mismas. El empresario mencion\u00f3 que no todas fueron recibidas en mal estado, y aclar\u00f3 [&hellip;]<\/p>\n","protected":false},"author":1,"featured_media":22036,"comment_status":"open","ping_status":"open","sticky":false,"template":"","format":"standard","meta":{"_jetpack_memberships_contains_paid_content":false,"footnotes":""},"categories":[2],"tags":[],"class_list":["post-22035","post","type-post","status-publish","format-standard","has-post-thumbnail","hentry","category-estado"],"jetpack_featured_media_url":"https:\/\/encuentroinformativo.com.mx\/wp-content\/uploads\/2022\/01\/A3EF3B78-CAB6-4384-A89B-DB666414A035.jpeg","jetpack_sharing_enabled":true,"jetpack_likes_enabled":true,"amp_enabled":true,"_links":{"self":[{"href":"https:\/\/encuentroinformativo.com.mx\/index.php?rest_route=\/wp\/v2\/posts\/22035","targetHints":{"allow":["GET"]}}],"collection":[{"href":"https:\/\/encuentroinformativo.com.mx\/index.php?rest_route=\/wp\/v2\/posts"}],"about":[{"href":"https:\/\/encuentroinformativo.com.mx\/index.php?rest_route=\/wp\/v2\/types\/post"}],"author":[{"embeddable":true,"href":"https:\/\/encuentroinformativo.com.mx\/index.php?rest_route=\/wp\/v2\/users\/1"}],"replies":[{"embeddable":true,"href":"https:\/\/encuentroinformativo.com.mx\/index.php?rest_route=%2Fwp%2Fv2%2Fcomments&post=22035"}],"version-history":[{"count":1,"href":"https:\/\/encuentroinformativo.com.mx\/index.php?rest_route=\/wp\/v2\/posts\/22035\/revisions"}],"predecessor-version":[{"id":22037,"href":"https:\/\/encuentroinformativo.com.mx\/index.php?rest_route=\/wp\/v2\/posts\/22035\/revisions\/22037"}],"wp:featuredmedia":[{"embeddable":true,"href":"https:\/\/encuentroinformativo.com.mx\/index.php?rest_route=\/wp\/v2\/media\/22036"}],"wp:attachment":[{"href":"https:\/\/encuentroinformativo.com.mx\/index.php?rest_route=%2Fwp%2Fv2%2Fmedia&parent=22035"}],"wp:term":[{"taxonomy":"category","embeddable":true,"href":"https:\/\/encuentroinformativo.com.mx\/index.php?rest_route=%2Fwp%2Fv2%2Fcategories&post=22035"},{"taxonomy":"post_tag","embeddable":true,"href":"https:\/\/encuentroinformativo.com.mx\/index.php?rest_route=%2Fwp%2Fv2%2Ftags&post=22035"}],"curies":[{"name":"wp","href":"https:\/\/api.w.org\/{rel}","templated":true}]}}