{"id":22057,"date":"2022-01-07T19:56:23","date_gmt":"2022-01-08T01:56:23","guid":{"rendered":"https:\/\/encuentroinformativo.com.mx\/?p=22057"},"modified":"2022-01-07T19:56:26","modified_gmt":"2022-01-08T01:56:26","slug":"por-inhabilitacion-destituyen-del-cargo-a-abel-cuevas","status":"publish","type":"post","link":"https:\/\/encuentroinformativo.com.mx\/?p=22057","title":{"rendered":"Por inhabilitaci\u00f3n, destituyen del cargo a Abel Cuevas"},"content":{"rendered":"\n<p><strong>Alejandro \u00c1vila<\/strong><\/p>\n\n\n\n<p>Boca del R\u00edo, Ver.- Tras presuntos problemas en la base de datos, la cual no mostraba en la p\u00e1gina de Internet la inhabilitaci\u00f3n de Abel Cuevas Melo para un cargo p\u00fablico, se tuvo que enviar un documento al Ayuntamiento de Boca del R\u00edo para notificarle que estar\u00eda incurriendo en un il\u00edcito.<\/p>\n\n\n\n<p>La Contralora General del Estado, Mercedes Santoyo Dom\u00ednguez, confirm\u00f3 que se envi\u00f3 un oficio al alcalde, Juan Manuel Unanue Abascal, donde se le detallaba la situaci\u00f3n y se le exhortaba a destituirlo del cargo, pues exist\u00eda una usurpaci\u00f3n de funciones de Cuevas Melo, tras continuar inhabilitado, documento que tuvo acuse de recibido el pasado 4 de enero.<\/p>\n\n\n\n<p>Ante esta situaci\u00f3n y para evitar alguna multa e inhabilitaci\u00f3n al presidente municipal y\/o futuras acciones legales contra el Ayuntamiento de Boca del R\u00edo, en sesi\u00f3n extraordinaria de Cabildo realizada la tarde de este viernes, se decidio cesar de su cargo a Abel Cuevas Melo y designar en su lugar a Juan Mart\u00edn Corro Andrade.<\/p>\n\n\n\n<p>De la misma manera, se aprovech\u00f3 para tomarle protesta a Mar\u00eda Eugenia Moreno Senties como Contralora del Ayuntamiento de Boca del R\u00edo.<\/p>\n","protected":false},"excerpt":{"rendered":"<p>Alejandro \u00c1vila Boca del R\u00edo, Ver.- Tras presuntos problemas en la base de datos, la cual no mostraba en la p\u00e1gina de Internet la inhabilitaci\u00f3n de Abel Cuevas Melo para un cargo p\u00fablico, se tuvo que enviar un documento al Ayuntamiento de Boca del R\u00edo para notificarle que estar\u00eda incurriendo en un il\u00edcito. La Contralora [&hellip;]<\/p>\n","protected":false},"author":1,"featured_media":22058,"comment_status":"open","ping_status":"open","sticky":false,"template":"","format":"standard","meta":{"_jetpack_memberships_contains_paid_content":false,"footnotes":""},"categories":[2],"tags":[],"class_list":["post-22057","post","type-post","status-publish","format-standard","has-post-thumbnail","hentry","category-estado"],"jetpack_featured_media_url":"https:\/\/encuentroinformativo.com.mx\/wp-content\/uploads\/2022\/01\/57083139-610C-4EB3-97A3-065F73D70875.jpeg","jetpack_sharing_enabled":true,"jetpack_likes_enabled":true,"amp_enabled":true,"_links":{"self":[{"href":"https:\/\/encuentroinformativo.com.mx\/index.php?rest_route=\/wp\/v2\/posts\/22057","targetHints":{"allow":["GET"]}}],"collection":[{"href":"https:\/\/encuentroinformativo.com.mx\/index.php?rest_route=\/wp\/v2\/posts"}],"about":[{"href":"https:\/\/encuentroinformativo.com.mx\/index.php?rest_route=\/wp\/v2\/types\/post"}],"author":[{"embeddable":true,"href":"https:\/\/encuentroinformativo.com.mx\/index.php?rest_route=\/wp\/v2\/users\/1"}],"replies":[{"embeddable":true,"href":"https:\/\/encuentroinformativo.com.mx\/index.php?rest_route=%2Fwp%2Fv2%2Fcomments&post=22057"}],"version-history":[{"count":1,"href":"https:\/\/encuentroinformativo.com.mx\/index.php?rest_route=\/wp\/v2\/posts\/22057\/revisions"}],"predecessor-version":[{"id":22059,"href":"https:\/\/encuentroinformativo.com.mx\/index.php?rest_route=\/wp\/v2\/posts\/22057\/revisions\/22059"}],"wp:featuredmedia":[{"embeddable":true,"href":"https:\/\/encuentroinformativo.com.mx\/index.php?rest_route=\/wp\/v2\/media\/22058"}],"wp:attachment":[{"href":"https:\/\/encuentroinformativo.com.mx\/index.php?rest_route=%2Fwp%2Fv2%2Fmedia&parent=22057"}],"wp:term":[{"taxonomy":"category","embeddable":true,"href":"https:\/\/encuentroinformativo.com.mx\/index.php?rest_route=%2Fwp%2Fv2%2Fcategories&post=22057"},{"taxonomy":"post_tag","embeddable":true,"href":"https:\/\/encuentroinformativo.com.mx\/index.php?rest_route=%2Fwp%2Fv2%2Ftags&post=22057"}],"curies":[{"name":"wp","href":"https:\/\/api.w.org\/{rel}","templated":true}]}}