{"id":2207,"date":"2020-04-29T14:36:52","date_gmt":"2020-04-29T19:36:52","guid":{"rendered":"https:\/\/encuentroinformativo.com\/?p=2207"},"modified":"2020-04-29T14:36:55","modified_gmt":"2020-04-29T19:36:55","slug":"educacion-especial-limitada-ante-cuarentena-reconocen-maestros","status":"publish","type":"post","link":"https:\/\/encuentroinformativo.com.mx\/?p=2207","title":{"rendered":"Educaci\u00f3n especial limitada ante cuarentena, reconocen maestros"},"content":{"rendered":"\n<p><strong>Juan Arcos <\/strong><\/p>\n\n\n\n<p>Xalapa, Ver.-Alumnos de educaci\u00f3n especial han presentado un atraso en sus programadas acad\u00e9micos, debido a la contingencia sanitaria por coronavirus.<\/p>\n\n\n\n<p>De acuerdo con Patricia Alhel\u00ed Rovira, profesora de la escuela primaria \u201cRafael Ram\u00edrez\u201d, ubicada en el municipio de Acayucan, muchos de los estudiantes carecen de las herramientas tecnol\u00f3gicas paga acceder a las actividades elaboradas por los docentes.<\/p>\n\n\n\n<p>A su juicio, dicha situaci\u00f3n es notoria en algunas Unidades de Servicios de Apoyo a la Educaci\u00f3n Regular (USAER) que se encuentran en distintos puntos de la entidad.<\/p>\n\n\n\n<p>La entrevistada indic\u00f3 que una de las maneras para trabajar a distancia con los alumnos es a trav\u00e9s de la elaboraci\u00f3n de cuadernillos con actividades especializadas.<\/p>\n\n\n\n<p>Sin embargo, detall\u00f3 que la principal dificultad que enfrentan los profesores es hacer llegar dichos cuadernillos a sus estudiantes.<\/p>\n\n\n\n<p>\u201cEn mi caso, se hace v\u00eda WhatsApp, pero de acuerdo con el contexto de mi escuela, no todos los tutores cuentan con la tecnolog\u00eda necesaria para realizar dicho trabajo\u201d.<\/p>\n\n\n\n<p>Por ello, se ha pedido a muchos padres de familia que busquen acercamiento con sus vecinos o personas que cuenten con dispositivos m\u00f3viles o computadoras.<\/p>\n\n\n\n<p>\u201cPero esa estrategia no es del todo efectiva. Esto tiene como resultado que la educaci\u00f3n a distancia no se pueda llevar a cabo en su totalidad, ya sea en educaci\u00f3n especial o en los dem\u00e1s niveles del sector privado educativo\u201d, remat\u00f3 la maestra.<\/p>\n\n\n\n<p><\/p>\n","protected":false},"excerpt":{"rendered":"<p>Juan Arcos Xalapa, Ver.-Alumnos de educaci\u00f3n especial han presentado un atraso en sus programadas acad\u00e9micos, debido a la contingencia sanitaria por coronavirus. De acuerdo con Patricia Alhel\u00ed Rovira, profesora de la escuela primaria \u201cRafael Ram\u00edrez\u201d, ubicada en el municipio de Acayucan, muchos de los estudiantes carecen de las herramientas tecnol\u00f3gicas paga acceder a las actividades [&hellip;]<\/p>\n","protected":false},"author":1,"featured_media":2208,"comment_status":"open","ping_status":"open","sticky":false,"template":"","format":"standard","meta":{"_jetpack_memberships_contains_paid_content":false,"footnotes":""},"categories":[2],"tags":[],"class_list":["post-2207","post","type-post","status-publish","format-standard","has-post-thumbnail","hentry","category-estado"],"jetpack_featured_media_url":"https:\/\/encuentroinformativo.com.mx\/wp-content\/uploads\/2020\/04\/FF4CE63B-1996-4AE7-8F1E-25B36693B67A.jpeg","jetpack_sharing_enabled":true,"jetpack_likes_enabled":true,"amp_enabled":true,"_links":{"self":[{"href":"https:\/\/encuentroinformativo.com.mx\/index.php?rest_route=\/wp\/v2\/posts\/2207","targetHints":{"allow":["GET"]}}],"collection":[{"href":"https:\/\/encuentroinformativo.com.mx\/index.php?rest_route=\/wp\/v2\/posts"}],"about":[{"href":"https:\/\/encuentroinformativo.com.mx\/index.php?rest_route=\/wp\/v2\/types\/post"}],"author":[{"embeddable":true,"href":"https:\/\/encuentroinformativo.com.mx\/index.php?rest_route=\/wp\/v2\/users\/1"}],"replies":[{"embeddable":true,"href":"https:\/\/encuentroinformativo.com.mx\/index.php?rest_route=%2Fwp%2Fv2%2Fcomments&post=2207"}],"version-history":[{"count":1,"href":"https:\/\/encuentroinformativo.com.mx\/index.php?rest_route=\/wp\/v2\/posts\/2207\/revisions"}],"predecessor-version":[{"id":2209,"href":"https:\/\/encuentroinformativo.com.mx\/index.php?rest_route=\/wp\/v2\/posts\/2207\/revisions\/2209"}],"wp:featuredmedia":[{"embeddable":true,"href":"https:\/\/encuentroinformativo.com.mx\/index.php?rest_route=\/wp\/v2\/media\/2208"}],"wp:attachment":[{"href":"https:\/\/encuentroinformativo.com.mx\/index.php?rest_route=%2Fwp%2Fv2%2Fmedia&parent=2207"}],"wp:term":[{"taxonomy":"category","embeddable":true,"href":"https:\/\/encuentroinformativo.com.mx\/index.php?rest_route=%2Fwp%2Fv2%2Fcategories&post=2207"},{"taxonomy":"post_tag","embeddable":true,"href":"https:\/\/encuentroinformativo.com.mx\/index.php?rest_route=%2Fwp%2Fv2%2Ftags&post=2207"}],"curies":[{"name":"wp","href":"https:\/\/api.w.org\/{rel}","templated":true}]}}