{"id":22070,"date":"2022-01-08T15:07:46","date_gmt":"2022-01-08T21:07:46","guid":{"rendered":"https:\/\/encuentroinformativo.com.mx\/?p=22070"},"modified":"2022-01-08T15:07:50","modified_gmt":"2022-01-08T21:07:50","slug":"siguen-problemas-de-sequia-en-laguna-de-el-farallon","status":"publish","type":"post","link":"https:\/\/encuentroinformativo.com.mx\/?p=22070","title":{"rendered":"Siguen problemas de sequ\u00eda en Laguna de El Farall\u00f3n"},"content":{"rendered":"\n<p><strong>Dar\u00edo Pale<\/strong><\/p>\n\n\n\n<p>Xalapa, Ver.- A casi un a\u00f1o de tener problemas de sequ\u00eda la Laguna de El Farall\u00f3n de Actopan estos contin\u00faan debido a los diferentes factores que se presentan, pero uno de los m\u00e1s importantes es la actividad humana el cual extrae el agua de dicho afluente.<\/p>\n\n\n\n<p>El titular de la Secretar\u00eda de Medio Ambiente (Sedema), Juan Carlos Contreras Bautista, confirm\u00f3 que este cuerpo de agua volvi\u00f3 a secarse, situaci\u00f3n que se ha convertido en una constante.<\/p>\n\n\n\n<p>Las preocupaciones que tienen los investigadores ambientalistas, pescadores y funcionarios estatales as\u00ed como de la federaci\u00f3n, contin\u00faa por el problema que representa para el medio ambiente.<\/p>\n\n\n\n<p>\u201cSe hab\u00eda recuperado por las lluvias, pero otra vez ha bajado y estamos en el an\u00e1lisis para ver que est\u00e1 pasando en esta laguna y vienen acciones importantes que vamos a hacer y vamos invertir en recursos para la conservaci\u00f3n de las zonas ribere\u00f1as y que ayuden a los escurrimientos para que la laguna no se seque\u201d, coment\u00f3.<\/p>\n\n\n\n<p>Dio a conocer que desde la Comisi\u00f3n de Agua del Estado de Veracruz (CAEV), la Secretar\u00eda de Medio Ambiente y Recursos Naturales (Semarnat) y la Procuradur\u00eda del Medio Ambiente (PMA) en coordinaci\u00f3n con investigadores del Instituto de Ecolog\u00eda (Inecol), llevan a cabo las diferentes investigaciones.<\/p>\n\n\n\n<p>\u201cHace d\u00e9cadas la laguna estuvo seca, puede que sea por los ciclos hidrol\u00f3gicos y lo otro son las condiciones locales que puede ser la deforestaci\u00f3n y el consumo excesivo del agua y a eso damos seguimiento\u201d, se\u00f1al\u00f3.<\/p>\n\n\n\n<p>Tambi\u00e9n dio a conocer que se han planteado diversas agendas y se propusieron cuatro mesas para la intervenci\u00f3n y asegur\u00f3 que trabajan con los pescadores para poder buscar soluciones y de esta manera evitar que se recupere este cuerpo de agua.<\/p>\n\n\n\n<p>El funcionario explic\u00f3 que el espejo de agua volvi\u00f3 a descender, pues se hab\u00eda recuperado en casi cien hect\u00e1reas, cuando su contenido abarca hasta 160 hect\u00e1reas, sin embargo, nuevamente hay p\u00e9rdidas.<\/p>\n\n\n\n<p>Finalmente dio a conocer que uno de los principales factores es que contin\u00faa la extracci\u00f3n del agua de manera no controlada, lo que ha afectado y provocado que se seque la laguna, la cual se ubica a pocos metros de la carretera Poza Rica-Cardel.<\/p>\n","protected":false},"excerpt":{"rendered":"<p>Dar\u00edo Pale Xalapa, Ver.- A casi un a\u00f1o de tener problemas de sequ\u00eda la Laguna de El Farall\u00f3n de Actopan estos contin\u00faan debido a los diferentes factores que se presentan, pero uno de los m\u00e1s importantes es la actividad humana el cual extrae el agua de dicho afluente. El titular de la Secretar\u00eda de Medio [&hellip;]<\/p>\n","protected":false},"author":1,"featured_media":22071,"comment_status":"open","ping_status":"open","sticky":false,"template":"","format":"standard","meta":{"_jetpack_memberships_contains_paid_content":false,"footnotes":""},"categories":[2],"tags":[],"class_list":["post-22070","post","type-post","status-publish","format-standard","has-post-thumbnail","hentry","category-estado"],"jetpack_featured_media_url":"https:\/\/encuentroinformativo.com.mx\/wp-content\/uploads\/2022\/01\/7F1EF868-AA48-4BEB-B526-2CE4B0AA0026.jpeg","jetpack_sharing_enabled":true,"jetpack_likes_enabled":true,"amp_enabled":true,"_links":{"self":[{"href":"https:\/\/encuentroinformativo.com.mx\/index.php?rest_route=\/wp\/v2\/posts\/22070","targetHints":{"allow":["GET"]}}],"collection":[{"href":"https:\/\/encuentroinformativo.com.mx\/index.php?rest_route=\/wp\/v2\/posts"}],"about":[{"href":"https:\/\/encuentroinformativo.com.mx\/index.php?rest_route=\/wp\/v2\/types\/post"}],"author":[{"embeddable":true,"href":"https:\/\/encuentroinformativo.com.mx\/index.php?rest_route=\/wp\/v2\/users\/1"}],"replies":[{"embeddable":true,"href":"https:\/\/encuentroinformativo.com.mx\/index.php?rest_route=%2Fwp%2Fv2%2Fcomments&post=22070"}],"version-history":[{"count":1,"href":"https:\/\/encuentroinformativo.com.mx\/index.php?rest_route=\/wp\/v2\/posts\/22070\/revisions"}],"predecessor-version":[{"id":22072,"href":"https:\/\/encuentroinformativo.com.mx\/index.php?rest_route=\/wp\/v2\/posts\/22070\/revisions\/22072"}],"wp:featuredmedia":[{"embeddable":true,"href":"https:\/\/encuentroinformativo.com.mx\/index.php?rest_route=\/wp\/v2\/media\/22071"}],"wp:attachment":[{"href":"https:\/\/encuentroinformativo.com.mx\/index.php?rest_route=%2Fwp%2Fv2%2Fmedia&parent=22070"}],"wp:term":[{"taxonomy":"category","embeddable":true,"href":"https:\/\/encuentroinformativo.com.mx\/index.php?rest_route=%2Fwp%2Fv2%2Fcategories&post=22070"},{"taxonomy":"post_tag","embeddable":true,"href":"https:\/\/encuentroinformativo.com.mx\/index.php?rest_route=%2Fwp%2Fv2%2Ftags&post=22070"}],"curies":[{"name":"wp","href":"https:\/\/api.w.org\/{rel}","templated":true}]}}