{"id":22073,"date":"2022-01-08T15:28:35","date_gmt":"2022-01-08T21:28:35","guid":{"rendered":"https:\/\/encuentroinformativo.com.mx\/?p=22073"},"modified":"2022-01-08T15:28:39","modified_gmt":"2022-01-08T21:28:39","slug":"sin-ampliacion-presupuestal-para-elecciones-extraordinarias","status":"publish","type":"post","link":"https:\/\/encuentroinformativo.com.mx\/?p=22073","title":{"rendered":"Sin ampliaci\u00f3n presupuestal para elecciones extraordinarias"},"content":{"rendered":"\n<p><strong>Dar\u00edo Pale <\/strong><\/p>\n\n\n\n<p>Xalapa, Ver.- El Secretario de Finanzas y Planeaci\u00f3n, Jos\u00e9 Luis Lima Franco confirm\u00f3 que consejeros del Organismo P\u00fablico Local electoral (OPLE), ya le informaron que la organizaci\u00f3n de cuatro elecciones municipales no les va a generar mayor gasto.<\/p>\n\n\n\n<p>En entrevista dio a conocer que la organizaci\u00f3n de las elecciones extraordinarias de Jes\u00fas Carranza, Amatitl\u00e1n, Chiconamel y Tlacotepec de Mej\u00eda no obligar\u00e1n a dar una ampliaci\u00f3n presupuestal al OPLE.<\/p>\n\n\n\n<p>Dio a conocer que con la aprobaci\u00f3n de los 660 millones de pesos que se otorgaron en el presupuesto 2022, que aprob\u00f3 la mayor\u00eda de los diputados locales el 28 de diciembre, se podr\u00e1n organizar las elecciones extraordinarias del 3 de abril.<\/p>\n\n\n\n<p>\u201cEl OPLE no va a solicitar ampliaci\u00f3n presupuestal, no va a ser necesario, ya se habl\u00f3 con ellos, van a implementar medidas de ajuste en su gasto para pagar las elecciones sin pedir m\u00e1s, la Sefiplan no tendr\u00e1 que hacer ning\u00fan ajuste\u201d, se\u00f1al\u00f3.<\/p>\n\n\n\n<p>Cabe recordar que el pasado cinco de enero se instal\u00f3 el Consejo General del OPLE que ser\u00e1 el encargado de la organizaci\u00f3n de las elecciones extraordinarias, por lo que se tendr\u00e1n que instalar al menos cuatro consejos municipales y contratar personal para su operaci\u00f3n.<\/p>\n\n\n\n<p>Los municipios en los que se tendr\u00e1n que repetir las elecciones son Jes\u00fas Carranza, Chiconamel, Amatitl\u00e1n y Tlacotepec de Mej\u00eda, los primeros dos porque no se contaba con las actas de escrutinio y c\u00f3mputo para dar certeza al resultado de las elecciones y, en los dos \u00faltimos se debe al rebase de topes de campa\u00f1a.<\/p>\n\n\n\n<p>El proceso local extraordinario inicio el tres de enero de dos mil veintid\u00f3s, con la declaraci\u00f3n formal que realice el Consejo General del OPLE, y concluir\u00e1 en la fecha que los resultados de la elecci\u00f3n hayan adquirido definitividad, ya que la elecci\u00f3n se realizar\u00e1 el d\u00eda tres de abril del dos mil veintid\u00f3s, se tendr\u00e1n que instalar consejos municipales del Organismo P\u00fablico Local Electoral (OPLE) y el Consejo General vigilar\u00e1 la organizaci\u00f3n de los comicios.<\/p>\n\n\n\n<p>Finalmente cabe se\u00f1alar que los alcaldes electos rendir\u00e1n protesta el 1 de julio del 2022, seg\u00fan la convocatoria que emiti\u00f3 el Congreso Local.<\/p>\n","protected":false},"excerpt":{"rendered":"<p>Dar\u00edo Pale Xalapa, Ver.- El Secretario de Finanzas y Planeaci\u00f3n, Jos\u00e9 Luis Lima Franco confirm\u00f3 que consejeros del Organismo P\u00fablico Local electoral (OPLE), ya le informaron que la organizaci\u00f3n de cuatro elecciones municipales no les va a generar mayor gasto. En entrevista dio a conocer que la organizaci\u00f3n de las elecciones extraordinarias de Jes\u00fas Carranza, [&hellip;]<\/p>\n","protected":false},"author":1,"featured_media":22074,"comment_status":"open","ping_status":"open","sticky":false,"template":"","format":"standard","meta":{"_jetpack_memberships_contains_paid_content":false,"footnotes":""},"categories":[2],"tags":[],"class_list":["post-22073","post","type-post","status-publish","format-standard","has-post-thumbnail","hentry","category-estado"],"jetpack_featured_media_url":"https:\/\/encuentroinformativo.com.mx\/wp-content\/uploads\/2022\/01\/51AAB3B9-1AC3-45D2-8C11-DB1738DEB8C9.jpeg","jetpack_sharing_enabled":true,"jetpack_likes_enabled":true,"amp_enabled":true,"_links":{"self":[{"href":"https:\/\/encuentroinformativo.com.mx\/index.php?rest_route=\/wp\/v2\/posts\/22073","targetHints":{"allow":["GET"]}}],"collection":[{"href":"https:\/\/encuentroinformativo.com.mx\/index.php?rest_route=\/wp\/v2\/posts"}],"about":[{"href":"https:\/\/encuentroinformativo.com.mx\/index.php?rest_route=\/wp\/v2\/types\/post"}],"author":[{"embeddable":true,"href":"https:\/\/encuentroinformativo.com.mx\/index.php?rest_route=\/wp\/v2\/users\/1"}],"replies":[{"embeddable":true,"href":"https:\/\/encuentroinformativo.com.mx\/index.php?rest_route=%2Fwp%2Fv2%2Fcomments&post=22073"}],"version-history":[{"count":1,"href":"https:\/\/encuentroinformativo.com.mx\/index.php?rest_route=\/wp\/v2\/posts\/22073\/revisions"}],"predecessor-version":[{"id":22075,"href":"https:\/\/encuentroinformativo.com.mx\/index.php?rest_route=\/wp\/v2\/posts\/22073\/revisions\/22075"}],"wp:featuredmedia":[{"embeddable":true,"href":"https:\/\/encuentroinformativo.com.mx\/index.php?rest_route=\/wp\/v2\/media\/22074"}],"wp:attachment":[{"href":"https:\/\/encuentroinformativo.com.mx\/index.php?rest_route=%2Fwp%2Fv2%2Fmedia&parent=22073"}],"wp:term":[{"taxonomy":"category","embeddable":true,"href":"https:\/\/encuentroinformativo.com.mx\/index.php?rest_route=%2Fwp%2Fv2%2Fcategories&post=22073"},{"taxonomy":"post_tag","embeddable":true,"href":"https:\/\/encuentroinformativo.com.mx\/index.php?rest_route=%2Fwp%2Fv2%2Ftags&post=22073"}],"curies":[{"name":"wp","href":"https:\/\/api.w.org\/{rel}","templated":true}]}}