{"id":22079,"date":"2022-01-08T17:20:25","date_gmt":"2022-01-08T23:20:25","guid":{"rendered":"https:\/\/encuentroinformativo.com.mx\/?p=22079"},"modified":"2022-01-08T17:20:29","modified_gmt":"2022-01-08T23:20:29","slug":"participa-ayuntamiento-de-xalapa-en-la-campana-recicla-tu-navidad-2022","status":"publish","type":"post","link":"https:\/\/encuentroinformativo.com.mx\/?p=22079","title":{"rendered":"Participa Ayuntamiento de Xalapa en la campa\u00f1a Recicla tu Navidad 2022"},"content":{"rendered":"\n<p><strong>*Se invita a la ciudadan\u00eda a llevar sus pinos a los centros de acopio.<\/strong><\/p>\n\n\n\n<p>Xalapa, Ver.- Con el fin de promover la cultura del reciclaje entre la poblaci\u00f3n y darle una disposici\u00f3n final adecuada a los pinos que se utilizaron durante la temporada decembrina, el Ayuntamiento de Xalapa se suma a la campa\u00f1a Recicla tu Navidad 2022, que bajo la coordinaci\u00f3n de la Secretar\u00eda de Medio Ambiente de Veracruz (Sedema) inici\u00f3 este viernes y concluye el 11 de febrero.<\/p>\n\n\n\n<p>La encargada de la Subdirecci\u00f3n de Recursos Naturales y Cambio Clim\u00e1tico, Ana Isabel Guevara Escobar, dio a conocer que se habilitaron cuatro centros de acopio para que la ciudadan\u00eda lleve sus \u00e1rboles navide\u00f1os.<\/p>\n\n\n\n<p>Uno, explic\u00f3, estar\u00e1 en el Parque Ecol\u00f3gico El Haya, ubicado a un lado de la antigua carretera a Coatepec; otro en las instalaciones de la Subdirecci\u00f3n de Gesti\u00f3n Integral de Residuos S\u00f3lidos, localizadas en la avenida Enrique C. R\u00e9bsamen 131 Bis. Estos centros de acopio funcionar\u00e1n de lunes a s\u00e1bado de 8:00 a 18:00 horas.<\/p>\n\n\n\n<p>Los otros dos se ubican en los viveros El Agrarista y Campesino, que funcionar\u00e1n de lunes a viernes de 8:00 a 14:00 horas.<\/p>\n\n\n\n<p>La funcionaria detall\u00f3 que a trav\u00e9s de esta campa\u00f1a se busca recuperar el mayor n\u00famero de pinos navide\u00f1os para evitar que terminen en la v\u00eda p\u00fablica y afecten la imagen urbana o el proceso de recolecci\u00f3n de residuos s\u00f3lidos.<\/p>\n\n\n\n<p>Agreg\u00f3 que una vez que los \u00e1rboles se recolecten, ser\u00e1n triturados para su reciclaje, ya que con el material obtenido se puede producir composta, y los troncos y bases de los \u00e1rboles que por su tama\u00f1o no pueden ser triturados, son reutilizados para la elaboraci\u00f3n de cercas o postes que se emplean para adornar parques o \u00e1reas verdes.<\/p>\n\n\n\n<p>ACCIONES DE MANTENIMIENTO EN EL FOVISSSTE Y XALLITIC<\/p>\n\n\n\n<p>Por otra parte, dio a conocer que para prevenir accidentes y proteger la integridad de las personas, este s\u00e1bado se intervino en \u00e1rbol de la especie Pata de Cabra que se ubica cerca de las escaleras de acceso a la Plazuela de Xallitic, ya que era un ejemplar de grandes dimensiones y contaba con dictamen de riesgo.<\/p>\n\n\n\n<p>Adem\u00e1s, con la colaboraci\u00f3n de vecinas y vecinos del Andador Rub\u00ed, en la unidad habitacional Fovissste, se realiz\u00f3 una jornada comunitaria de limpieza, mediante la que se hicieron trabajos de chapeo, mejoramiento del arbolado urbano y retiro de desechos, como parte de las acciones de recuperaci\u00f3n y mantenimiento permanente que se tendr\u00e1 en las \u00e1reas verdes del municipio.<\/p>\n","protected":false},"excerpt":{"rendered":"<p>*Se invita a la ciudadan\u00eda a llevar sus pinos a los centros de acopio. Xalapa, Ver.- Con el fin de promover la cultura del reciclaje entre la poblaci\u00f3n y darle una disposici\u00f3n final adecuada a los pinos que se utilizaron durante la temporada decembrina, el Ayuntamiento de Xalapa se suma a la campa\u00f1a Recicla tu [&hellip;]<\/p>\n","protected":false},"author":1,"featured_media":22080,"comment_status":"open","ping_status":"open","sticky":false,"template":"","format":"standard","meta":{"_jetpack_memberships_contains_paid_content":false,"footnotes":""},"categories":[3],"tags":[],"class_list":["post-22079","post","type-post","status-publish","format-standard","has-post-thumbnail","hentry","category-xalapa"],"jetpack_featured_media_url":"https:\/\/encuentroinformativo.com.mx\/wp-content\/uploads\/2022\/01\/3EC1F6F0-39BF-4E09-B602-74406E7A256A.jpeg","jetpack_sharing_enabled":true,"jetpack_likes_enabled":true,"amp_enabled":true,"_links":{"self":[{"href":"https:\/\/encuentroinformativo.com.mx\/index.php?rest_route=\/wp\/v2\/posts\/22079","targetHints":{"allow":["GET"]}}],"collection":[{"href":"https:\/\/encuentroinformativo.com.mx\/index.php?rest_route=\/wp\/v2\/posts"}],"about":[{"href":"https:\/\/encuentroinformativo.com.mx\/index.php?rest_route=\/wp\/v2\/types\/post"}],"author":[{"embeddable":true,"href":"https:\/\/encuentroinformativo.com.mx\/index.php?rest_route=\/wp\/v2\/users\/1"}],"replies":[{"embeddable":true,"href":"https:\/\/encuentroinformativo.com.mx\/index.php?rest_route=%2Fwp%2Fv2%2Fcomments&post=22079"}],"version-history":[{"count":1,"href":"https:\/\/encuentroinformativo.com.mx\/index.php?rest_route=\/wp\/v2\/posts\/22079\/revisions"}],"predecessor-version":[{"id":22081,"href":"https:\/\/encuentroinformativo.com.mx\/index.php?rest_route=\/wp\/v2\/posts\/22079\/revisions\/22081"}],"wp:featuredmedia":[{"embeddable":true,"href":"https:\/\/encuentroinformativo.com.mx\/index.php?rest_route=\/wp\/v2\/media\/22080"}],"wp:attachment":[{"href":"https:\/\/encuentroinformativo.com.mx\/index.php?rest_route=%2Fwp%2Fv2%2Fmedia&parent=22079"}],"wp:term":[{"taxonomy":"category","embeddable":true,"href":"https:\/\/encuentroinformativo.com.mx\/index.php?rest_route=%2Fwp%2Fv2%2Fcategories&post=22079"},{"taxonomy":"post_tag","embeddable":true,"href":"https:\/\/encuentroinformativo.com.mx\/index.php?rest_route=%2Fwp%2Fv2%2Ftags&post=22079"}],"curies":[{"name":"wp","href":"https:\/\/api.w.org\/{rel}","templated":true}]}}