{"id":22087,"date":"2022-01-09T14:02:47","date_gmt":"2022-01-09T20:02:47","guid":{"rendered":"https:\/\/encuentroinformativo.com.mx\/?p=22087"},"modified":"2022-01-09T14:02:50","modified_gmt":"2022-01-09T20:02:50","slug":"vuelven-festivales-culturales-a-xalapa","status":"publish","type":"post","link":"https:\/\/encuentroinformativo.com.mx\/?p=22087","title":{"rendered":"Vuelven festivales culturales a Xalapa"},"content":{"rendered":"\n<p><strong>Juan Arcos<\/strong><\/p>\n\n\n\n<p>Xalapa, Ver.- Este a\u00f1o volver\u00e1n los eventos culturales \u201cSoy Festival\u201d y \u201cFestival de Jazz\u201d en la ciudad de Xalapa, revel\u00f3 el presidente del Consejo de Turismo, Cultura y Deporte de Veracruz, Mauricio Cuevas Gayosso.<\/p>\n\n\n\n<p>El empresario coment\u00f3 que se busca la reactivaci\u00f3n econ\u00f3mica y art\u00edstica en la capital del estado y en las distintas regiones del estado de Veracruz.<\/p>\n\n\n\n<p>Por tal motivo, se ha iniciado el di\u00e1logo con autoridades municipales de Coatepec, Boca del R\u00edo y Orizaba, con el objetivo de organizar m\u00e1s festivales en dichas zonas.<\/p>\n\n\n\n<p>\u201cSe har\u00e1 un festival de la Cocina de las Altas Monta\u00f1as, retomaremos el Festival de Jazz, el Soy Festival y a lo largo del a\u00f1o tendremos diferentes actividades para poder ir sacando adelante estos proyectos\u201d, expres\u00f3.<\/p>\n\n\n\n<p>El proyecto de las Altas Monta\u00f1as es dirigido por la especialista en gastronom\u00eda Raquel Torres, mismo que se realizar\u00eda en el municipio de Orizaba y la fecha est\u00e1 por definirse.<\/p>\n\n\n\n<p>El \u201cFestival de Jazz\u201d se efectuar\u00e1 en la capital del estado. Tambi\u00e9n el \u201cSoy Festival\u201d, festival programado para abril y mayo pr\u00f3ximo.<\/p>\n\n\n\n<p>En el municipio de Coatepec, cercano a Xalapa, se llevar\u00e1 a cabo el \u201cFestival de Arpas\u201d, a cargo de Alberto de la Rosa, en el mes de septiembre.<\/p>\n\n\n\n<p>\u201cTraemos el tema del turismo religioso con el festival Rafael Gu\u00edzar y Valencia, hay una agenda muy extensa y lo hacemos como Consejo de Turismo\u201d, enfatiz\u00f3 Mauricio Cuevas.<\/p>\n\n\n\n<p>El Presidente del Consejo de Turismo, Cultura y Deporte de Veracruz ha tenido acercamiento y una buena respuesta por parte de la Secretar\u00eda de Turismo federal y del alcalde de Xalapa, Ricardo Ahued Bardahuil.<\/p>\n","protected":false},"excerpt":{"rendered":"<p>Juan Arcos Xalapa, Ver.- Este a\u00f1o volver\u00e1n los eventos culturales \u201cSoy Festival\u201d y \u201cFestival de Jazz\u201d en la ciudad de Xalapa, revel\u00f3 el presidente del Consejo de Turismo, Cultura y Deporte de Veracruz, Mauricio Cuevas Gayosso. El empresario coment\u00f3 que se busca la reactivaci\u00f3n econ\u00f3mica y art\u00edstica en la capital del estado y en las [&hellip;]<\/p>\n","protected":false},"author":1,"featured_media":22088,"comment_status":"open","ping_status":"open","sticky":false,"template":"","format":"standard","meta":{"_jetpack_memberships_contains_paid_content":false,"footnotes":""},"categories":[3],"tags":[],"class_list":["post-22087","post","type-post","status-publish","format-standard","has-post-thumbnail","hentry","category-xalapa"],"jetpack_featured_media_url":"https:\/\/encuentroinformativo.com.mx\/wp-content\/uploads\/2022\/01\/91115140-FCCC-402D-9836-AAE880550D8B.jpeg","jetpack_sharing_enabled":true,"jetpack_likes_enabled":true,"amp_enabled":true,"_links":{"self":[{"href":"https:\/\/encuentroinformativo.com.mx\/index.php?rest_route=\/wp\/v2\/posts\/22087","targetHints":{"allow":["GET"]}}],"collection":[{"href":"https:\/\/encuentroinformativo.com.mx\/index.php?rest_route=\/wp\/v2\/posts"}],"about":[{"href":"https:\/\/encuentroinformativo.com.mx\/index.php?rest_route=\/wp\/v2\/types\/post"}],"author":[{"embeddable":true,"href":"https:\/\/encuentroinformativo.com.mx\/index.php?rest_route=\/wp\/v2\/users\/1"}],"replies":[{"embeddable":true,"href":"https:\/\/encuentroinformativo.com.mx\/index.php?rest_route=%2Fwp%2Fv2%2Fcomments&post=22087"}],"version-history":[{"count":1,"href":"https:\/\/encuentroinformativo.com.mx\/index.php?rest_route=\/wp\/v2\/posts\/22087\/revisions"}],"predecessor-version":[{"id":22089,"href":"https:\/\/encuentroinformativo.com.mx\/index.php?rest_route=\/wp\/v2\/posts\/22087\/revisions\/22089"}],"wp:featuredmedia":[{"embeddable":true,"href":"https:\/\/encuentroinformativo.com.mx\/index.php?rest_route=\/wp\/v2\/media\/22088"}],"wp:attachment":[{"href":"https:\/\/encuentroinformativo.com.mx\/index.php?rest_route=%2Fwp%2Fv2%2Fmedia&parent=22087"}],"wp:term":[{"taxonomy":"category","embeddable":true,"href":"https:\/\/encuentroinformativo.com.mx\/index.php?rest_route=%2Fwp%2Fv2%2Fcategories&post=22087"},{"taxonomy":"post_tag","embeddable":true,"href":"https:\/\/encuentroinformativo.com.mx\/index.php?rest_route=%2Fwp%2Fv2%2Ftags&post=22087"}],"curies":[{"name":"wp","href":"https:\/\/api.w.org\/{rel}","templated":true}]}}