{"id":22092,"date":"2022-01-09T16:06:28","date_gmt":"2022-01-09T22:06:28","guid":{"rendered":"https:\/\/encuentroinformativo.com.mx\/?p=22092"},"modified":"2022-01-09T16:06:32","modified_gmt":"2022-01-09T22:06:32","slug":"garantizan-retorno-ordenado-de-comerciantes-en-coatepec","status":"publish","type":"post","link":"https:\/\/encuentroinformativo.com.mx\/?p=22092","title":{"rendered":"Garantizan retorno ordenado de comerciantes en Coatepec"},"content":{"rendered":"\n<p><strong>Juan Arcos<\/strong><\/p>\n\n\n\n<p>Coatepec, Ver.- El alcalde de Coatepec, Raymundo Andrade Rivera, dio a conocer que el regreso de comerciantes semifijos al parque Miguel Hidalgo se realizar\u00e1 de manera \u201cordenada\u201d.<\/p>\n\n\n\n<p>El funcionario municipal reconoci\u00f3 que hay vendedores que cuentan con su c\u00e9dula para permanecer en dicho espacio, ubicado en el centro del Pueblo M\u00e1gico, entre el Palacio Municipal y la iglesia de San Jer\u00f3nimo.<\/p>\n\n\n\n<p>\u201cEl Alcalde anterior pudo contener, en previo acuerdo con ellos, que se instalaran alrededor por el tema de la pista de hielo. Debemos tener di\u00e1logo, vamos a tener que charlar con ellos y s\u00ed llegar a acuerdos\u201d.<\/p>\n\n\n\n<p>El edil enfatiz\u00f3 que s\u00f3lo retornar\u00e1n al parque los comerciantes que tengan las autorizaciones municipales por parte de pasadas administraciones.<\/p>\n\n\n\n<p>Andrade Rivera refiri\u00f3 que los vendedores deber\u00e1n adquirir una imagen \u201chomog\u00e9nea\u201d en sus puestos para que Coatepec \u201cse vea bien\u201d.<\/p>\n\n\n\n<p>El Presidente Municipal destac\u00f3 que su administraci\u00f3n buscar\u00e1 detonar el turismo en el Pueblo M\u00e1gico y una derrama econ\u00f3mica importante para las familias coatepecanas.<\/p>\n\n\n\n<p>\u201cQue sea de manera ordenada y que tengan las c\u00e9dulas (comerciantes), tambi\u00e9n queremos que nos ayuden, tenemos que platicar con ellos para que se d\u00e9 una imagen homog\u00e9nea de todos ellos porque es para que Coatepec se vea bien y que le demos una buena imagen al turismo\u201d, afirm\u00f3.<\/p>\n\n\n\n<p>El pasado 13 de diciembre, los comerciantes semifijos protestaron frente a Palacio Municipal para exigir al ayuntamiento que les permita regresar a sus espacios de trabajo.\u00a0<br>Se trata de 70 vendedores de globos, churros, papas fritas, juguetes, helados, hamburguesas y esquites, quienes llevan casi dos a\u00f1os sin poder laborar en los lugares que les fueron asignados por administraciones pasadas, debido a la pandemia del SARS-CoV2 (Covid-19) y a la instalaci\u00f3n de la pista de hielo.\u00a0<br>Los vendedores est\u00e1n adheridos a la Confederaci\u00f3n de Trabajadores de M\u00e9xico (CTM), Antorcha Campesina y a la Confederaci\u00f3n Revolucionaria de Obreros y Campesinos (CROC).<\/p>\n\n\n\n<p>La pista de hielo fue instalada del pasado 30 de noviembre al 9 de enero sobre la calle 5 de Mayo. Los comerciantes semifijos esperan regresar al parque en los pr\u00f3ximos d\u00edas.<\/p>\n","protected":false},"excerpt":{"rendered":"<p>Juan Arcos Coatepec, Ver.- El alcalde de Coatepec, Raymundo Andrade Rivera, dio a conocer que el regreso de comerciantes semifijos al parque Miguel Hidalgo se realizar\u00e1 de manera \u201cordenada\u201d. El funcionario municipal reconoci\u00f3 que hay vendedores que cuentan con su c\u00e9dula para permanecer en dicho espacio, ubicado en el centro del Pueblo M\u00e1gico, entre el [&hellip;]<\/p>\n","protected":false},"author":1,"featured_media":22093,"comment_status":"open","ping_status":"open","sticky":false,"template":"","format":"standard","meta":{"_jetpack_memberships_contains_paid_content":false,"footnotes":""},"categories":[8],"tags":[],"class_list":["post-22092","post","type-post","status-publish","format-standard","has-post-thumbnail","hentry","category-region"],"jetpack_featured_media_url":"https:\/\/encuentroinformativo.com.mx\/wp-content\/uploads\/2022\/01\/BCC04F7D-3746-4265-B653-96AE88BA5100.jpeg","jetpack_sharing_enabled":true,"jetpack_likes_enabled":true,"amp_enabled":true,"_links":{"self":[{"href":"https:\/\/encuentroinformativo.com.mx\/index.php?rest_route=\/wp\/v2\/posts\/22092","targetHints":{"allow":["GET"]}}],"collection":[{"href":"https:\/\/encuentroinformativo.com.mx\/index.php?rest_route=\/wp\/v2\/posts"}],"about":[{"href":"https:\/\/encuentroinformativo.com.mx\/index.php?rest_route=\/wp\/v2\/types\/post"}],"author":[{"embeddable":true,"href":"https:\/\/encuentroinformativo.com.mx\/index.php?rest_route=\/wp\/v2\/users\/1"}],"replies":[{"embeddable":true,"href":"https:\/\/encuentroinformativo.com.mx\/index.php?rest_route=%2Fwp%2Fv2%2Fcomments&post=22092"}],"version-history":[{"count":1,"href":"https:\/\/encuentroinformativo.com.mx\/index.php?rest_route=\/wp\/v2\/posts\/22092\/revisions"}],"predecessor-version":[{"id":22094,"href":"https:\/\/encuentroinformativo.com.mx\/index.php?rest_route=\/wp\/v2\/posts\/22092\/revisions\/22094"}],"wp:featuredmedia":[{"embeddable":true,"href":"https:\/\/encuentroinformativo.com.mx\/index.php?rest_route=\/wp\/v2\/media\/22093"}],"wp:attachment":[{"href":"https:\/\/encuentroinformativo.com.mx\/index.php?rest_route=%2Fwp%2Fv2%2Fmedia&parent=22092"}],"wp:term":[{"taxonomy":"category","embeddable":true,"href":"https:\/\/encuentroinformativo.com.mx\/index.php?rest_route=%2Fwp%2Fv2%2Fcategories&post=22092"},{"taxonomy":"post_tag","embeddable":true,"href":"https:\/\/encuentroinformativo.com.mx\/index.php?rest_route=%2Fwp%2Fv2%2Ftags&post=22092"}],"curies":[{"name":"wp","href":"https:\/\/api.w.org\/{rel}","templated":true}]}}