{"id":22095,"date":"2022-01-10T09:45:54","date_gmt":"2022-01-10T15:45:54","guid":{"rendered":"https:\/\/encuentroinformativo.com.mx\/?p=22095"},"modified":"2022-01-10T09:46:00","modified_gmt":"2022-01-10T15:46:00","slug":"pide-ine-condiciones-de-paz-a-gobierno-de-veracruz-para-elecciones-extraordinarias","status":"publish","type":"post","link":"https:\/\/encuentroinformativo.com.mx\/?p=22095","title":{"rendered":"Pide INE condiciones de paz a Gobierno de Veracruz para elecciones extraordinarias"},"content":{"rendered":"\n<p><strong>Alejandro \u00c1vila<\/strong><\/p>\n\n\n\n<p>Veracruz, Ver.- El consejero del Instituto Nacional Electoral (INE), Jos\u00e9 Roberto Ruiz Salda\u00f1a, solicit\u00f3 al Gobierno del Estado de Veracruz que genere las condiciones de paz social para las elecciones extraordinarias del pr\u00f3ximo 27 de marzo en Jes\u00fas Carranza, Chiconamel, Amatitl\u00e1n y Tlacotepec de Mej\u00eda.<\/p>\n\n\n\n<p>Destac\u00f3 que es importante que la Secretar\u00eda de Seguridad P\u00fablica y la secretar\u00eda de Gobierno se coordinen para evitar que se vuelvan a dar los conflictos pol\u00edticos en la zona que derivaron en violencia.<\/p>\n\n\n\n<p>\u201cCuando hablo de paz social me refiero a que el despliegue log\u00edstico de la autoridad electoral se pueda realizar con total tranquilidad, que pueda uno recorrer el municipio sin problema, pero tambi\u00e9n el d\u00eda de la jornada electoral, que haya conciencia de los actores pol\u00edticos que en democracia se pierde y se gana, y que no hay que tratar de obtener alg\u00fan resultado que no sea producto de las urnas\u201d, subray\u00f3.<\/p>\n\n\n\n<p>Record\u00f3 que en las elecciones extraordinarias las autoridades electorales siguen teniendo las mismas atribuciones; el INE se encargar\u00e1 de la instalaci\u00f3n de las casillas, de la fiscalizaci\u00f3n, de los tiempos de los candidatos en radio y televisi\u00f3n, de la lista nominal, mientras que el OPLE es responsable de los registros de candidatos, las prerrogativas para las campa\u00f1as, los c\u00f3mputos de los votos y la entrega de las constancias de mayor\u00eda.<\/p>\n\n\n\n<p>Agreg\u00f3 que lo \u00fanico distinto en las elecciones extraordinarias son los plazos, ya que trabajan con tiempos m\u00e1s reducidos, por lo que se puede modificar el plan calendario para que los procesos sean m\u00e1s cortos y expeditos.\u00a0<\/p>\n","protected":false},"excerpt":{"rendered":"<p>Alejandro \u00c1vila Veracruz, Ver.- El consejero del Instituto Nacional Electoral (INE), Jos\u00e9 Roberto Ruiz Salda\u00f1a, solicit\u00f3 al Gobierno del Estado de Veracruz que genere las condiciones de paz social para las elecciones extraordinarias del pr\u00f3ximo 27 de marzo en Jes\u00fas Carranza, Chiconamel, Amatitl\u00e1n y Tlacotepec de Mej\u00eda. Destac\u00f3 que es importante que la Secretar\u00eda de [&hellip;]<\/p>\n","protected":false},"author":1,"featured_media":22096,"comment_status":"open","ping_status":"open","sticky":false,"template":"","format":"standard","meta":{"_jetpack_memberships_contains_paid_content":false,"footnotes":""},"categories":[2],"tags":[],"class_list":["post-22095","post","type-post","status-publish","format-standard","has-post-thumbnail","hentry","category-estado"],"jetpack_featured_media_url":"https:\/\/encuentroinformativo.com.mx\/wp-content\/uploads\/2022\/01\/D3E8E690-6720-42E6-841B-9FB5C7AA74D7.jpeg","jetpack_sharing_enabled":true,"jetpack_likes_enabled":true,"amp_enabled":true,"_links":{"self":[{"href":"https:\/\/encuentroinformativo.com.mx\/index.php?rest_route=\/wp\/v2\/posts\/22095","targetHints":{"allow":["GET"]}}],"collection":[{"href":"https:\/\/encuentroinformativo.com.mx\/index.php?rest_route=\/wp\/v2\/posts"}],"about":[{"href":"https:\/\/encuentroinformativo.com.mx\/index.php?rest_route=\/wp\/v2\/types\/post"}],"author":[{"embeddable":true,"href":"https:\/\/encuentroinformativo.com.mx\/index.php?rest_route=\/wp\/v2\/users\/1"}],"replies":[{"embeddable":true,"href":"https:\/\/encuentroinformativo.com.mx\/index.php?rest_route=%2Fwp%2Fv2%2Fcomments&post=22095"}],"version-history":[{"count":1,"href":"https:\/\/encuentroinformativo.com.mx\/index.php?rest_route=\/wp\/v2\/posts\/22095\/revisions"}],"predecessor-version":[{"id":22097,"href":"https:\/\/encuentroinformativo.com.mx\/index.php?rest_route=\/wp\/v2\/posts\/22095\/revisions\/22097"}],"wp:featuredmedia":[{"embeddable":true,"href":"https:\/\/encuentroinformativo.com.mx\/index.php?rest_route=\/wp\/v2\/media\/22096"}],"wp:attachment":[{"href":"https:\/\/encuentroinformativo.com.mx\/index.php?rest_route=%2Fwp%2Fv2%2Fmedia&parent=22095"}],"wp:term":[{"taxonomy":"category","embeddable":true,"href":"https:\/\/encuentroinformativo.com.mx\/index.php?rest_route=%2Fwp%2Fv2%2Fcategories&post=22095"},{"taxonomy":"post_tag","embeddable":true,"href":"https:\/\/encuentroinformativo.com.mx\/index.php?rest_route=%2Fwp%2Fv2%2Ftags&post=22095"}],"curies":[{"name":"wp","href":"https:\/\/api.w.org\/{rel}","templated":true}]}}