{"id":2210,"date":"2020-04-29T16:38:04","date_gmt":"2020-04-29T21:38:04","guid":{"rendered":"https:\/\/encuentroinformativo.com\/?p=2210"},"modified":"2020-04-29T16:38:07","modified_gmt":"2020-04-29T21:38:07","slug":"veracruz-sin-desabasto-de-alimentos-montiel-reyes","status":"publish","type":"post","link":"https:\/\/encuentroinformativo.com.mx\/?p=2210","title":{"rendered":"Veracruz sin desabasto de alimentos: Montiel Reyes"},"content":{"rendered":"\n<p><strong>Dar\u00edo Pale <\/strong><\/p>\n\n\n\n<p>Xalapa, Ver.- La subsecretaria de Bienestar, Ariadna Montiel Reyes, en visita de coordinaci\u00f3n y supervisi\u00f3n al estado de Veracruz, dio a conocer que en M\u00e9xico no hay desabasto de alimentos por la pandemia de coronavirus COVID-19.<\/p>\n\n\n\n<p>En conferencia de prensa realizada en conocido caf\u00e9 del centro de Xalapa, dio a conocer que la producci\u00f3n de productos agr\u00edcolas est\u00e1 garantizado en todo el pa\u00eds, ya que la Secretar\u00eda de Agricultura y Desarrollo Rural (Sader) inform\u00f3 que la producci\u00f3n continua.<\/p>\n\n\n\n<p>&#8220;Es una preocupaci\u00f3n principal, pero Agricultura nos ha dicho que no hay desabasto, todos hemos podido acceder a la compra de alimentos y nos han manifestado que el abasto de productos b\u00e1sicos est\u00e1 garantizado para sobrepasar el periodo de la sana distancia&#8221;, inform\u00f3.<\/p>\n\n\n\n<p>La funcionaria del Gobierno federal indic\u00f3 que Veracruz es uno de las entidades con mayor potencial en agricultura, y que ya han iniciado con la entrega de apoyos del programa \u201cSembrando Vida\u201d.<\/p>\n\n\n\n<p>&#8220;Todos los apoyos se han entregado y el programa de Sembrando Vida completar\u00e1 el mill\u00f3n de hect\u00e1reas, se van a cultivar \u00e1rboles maderables y se est\u00e1n atendiendo en Veracruz porque es de los estados con mayor potencial&#8221;, agreg\u00f3.<\/p>\n\n\n\n<p>En otro orden de ideas en lo que se refiere a los apoyos por medio de cr\u00e9ditos a la Palabra, las personas han sido contactadas telef\u00f3nicamente por Servidores de la Naci\u00f3n de acuerdo al Censo del Bienestar levantado en la \u00e9poca de transici\u00f3n en 2019, para verificar sus actividades productivas y en su caso solicitarles documentos necesarios que se entregar\u00e1n a la Secretar\u00eda de Econom\u00eda, para que determine la aprobaci\u00f3n del cr\u00e9dito.<\/p>\n\n\n\n<p>El prop\u00f3sito del programa es que esos recursos sirvan para inyectar inversi\u00f3n a los negocios y as\u00ed se pueda afrontar la crisis econ\u00f3mica que dejar\u00e1 la pandemia del Covid-19.<\/p>\n\n\n\n<p>Por lo que se\u00f1al\u00f3 que \u201cva a haber una derrama econ\u00f3mica grande para el estado de Veracruz, y esto tiene que ver con el trabajo de la Delegaci\u00f3n. Van en primer lugar nacional de Cr\u00e9ditos a la Palabra, en los que se llevan colocados, afortunadamente; hay un equipo que est\u00e1 muy dedicado al trabajo\u201d.<\/p>\n\n\n\n<p>Mantiel asegur\u00f3 que sigue la dispersi\u00f3n de los programas La Escuela es Nuestra y Producci\u00f3n para el Bienestar; esta semana concluye la entrega de tarjetas de Apoyo para Ni\u00f1os y Ni\u00f1as, hijos de Madres Trabajadoras. \u201cHoy m\u00e1s que nunca la Secretar\u00eda de Bienestar tiene actividades esenciales para acercar recursos a la gente y as\u00ed pueda sobre pasar a esta emergencia\u201d, a\u00f1adi\u00f3.<\/p>\n\n\n\n<p>Finalmente dio a conocer que la decisi\u00f3n es que la banca de desarrollo otorgue cr\u00e9ditos a los de m\u00e1s abajo, a diferencia de anta\u00f1o que se financiaba s\u00f3lo a los grandes empresarios; pero tambi\u00e9n habr\u00e1 un mill\u00f3n de cr\u00e9ditos v\u00eda el Seguro Social para aquellos patrones que fueron solidarios y no hicieron despidos.<\/p>\n\n\n\n<p><\/p>\n","protected":false},"excerpt":{"rendered":"<p>Dar\u00edo Pale Xalapa, Ver.- La subsecretaria de Bienestar, Ariadna Montiel Reyes, en visita de coordinaci\u00f3n y supervisi\u00f3n al estado de Veracruz, dio a conocer que en M\u00e9xico no hay desabasto de alimentos por la pandemia de coronavirus COVID-19. En conferencia de prensa realizada en conocido caf\u00e9 del centro de Xalapa, dio a conocer que la [&hellip;]<\/p>\n","protected":false},"author":1,"featured_media":2211,"comment_status":"open","ping_status":"open","sticky":false,"template":"","format":"standard","meta":{"_jetpack_memberships_contains_paid_content":false,"footnotes":""},"categories":[2],"tags":[],"class_list":["post-2210","post","type-post","status-publish","format-standard","has-post-thumbnail","hentry","category-estado"],"jetpack_featured_media_url":"https:\/\/encuentroinformativo.com.mx\/wp-content\/uploads\/2020\/04\/3CFF68FD-06C1-4D5B-BA6E-827EE364E7B6.jpeg","jetpack_sharing_enabled":true,"jetpack_likes_enabled":true,"amp_enabled":true,"_links":{"self":[{"href":"https:\/\/encuentroinformativo.com.mx\/index.php?rest_route=\/wp\/v2\/posts\/2210","targetHints":{"allow":["GET"]}}],"collection":[{"href":"https:\/\/encuentroinformativo.com.mx\/index.php?rest_route=\/wp\/v2\/posts"}],"about":[{"href":"https:\/\/encuentroinformativo.com.mx\/index.php?rest_route=\/wp\/v2\/types\/post"}],"author":[{"embeddable":true,"href":"https:\/\/encuentroinformativo.com.mx\/index.php?rest_route=\/wp\/v2\/users\/1"}],"replies":[{"embeddable":true,"href":"https:\/\/encuentroinformativo.com.mx\/index.php?rest_route=%2Fwp%2Fv2%2Fcomments&post=2210"}],"version-history":[{"count":1,"href":"https:\/\/encuentroinformativo.com.mx\/index.php?rest_route=\/wp\/v2\/posts\/2210\/revisions"}],"predecessor-version":[{"id":2212,"href":"https:\/\/encuentroinformativo.com.mx\/index.php?rest_route=\/wp\/v2\/posts\/2210\/revisions\/2212"}],"wp:featuredmedia":[{"embeddable":true,"href":"https:\/\/encuentroinformativo.com.mx\/index.php?rest_route=\/wp\/v2\/media\/2211"}],"wp:attachment":[{"href":"https:\/\/encuentroinformativo.com.mx\/index.php?rest_route=%2Fwp%2Fv2%2Fmedia&parent=2210"}],"wp:term":[{"taxonomy":"category","embeddable":true,"href":"https:\/\/encuentroinformativo.com.mx\/index.php?rest_route=%2Fwp%2Fv2%2Fcategories&post=2210"},{"taxonomy":"post_tag","embeddable":true,"href":"https:\/\/encuentroinformativo.com.mx\/index.php?rest_route=%2Fwp%2Fv2%2Ftags&post=2210"}],"curies":[{"name":"wp","href":"https:\/\/api.w.org\/{rel}","templated":true}]}}