{"id":22110,"date":"2022-01-10T12:29:02","date_gmt":"2022-01-10T18:29:02","guid":{"rendered":"https:\/\/encuentroinformativo.com.mx\/?p=22110"},"modified":"2022-01-10T13:07:49","modified_gmt":"2022-01-10T19:07:49","slug":"colonos-piden-regularizar-terrenos-en-el-moral","status":"publish","type":"post","link":"https:\/\/encuentroinformativo.com.mx\/?p=22110","title":{"rendered":"Colonos piden regularizar terrenos en El Moral"},"content":{"rendered":"\n<p><strong>Juan Arcos\/Dar\u00edo Pale <\/strong><\/p>\n\n\n\n<p>Xalapa, Ver.- Vecinos del predio El Moral de esta ciudad de Xalapa marcharon del parque Los Tecajetes a Palacio Municipal para exigir la regularizaci\u00f3n de un predio en dicha zona.<\/p>\n\n\n\n<p>De acuerdo con el l\u00edder de los colonos, Benito Flores \u00c1lvarez, se busca el di\u00e1logo con el alcalde de Xalapa, Ricardo Ahued Bardahuil, para iniciar los tr\u00e1mites correspondientes.<\/p>\n\n\n\n<p>El terreno abarca 14 hect\u00e1reas que se encuentra en la colonia M\u00e9xico y se llama \u201cEl Moral\u201d, toda vez que colinda con la colonia que lleva el mismo nombre.<\/p>\n\n\n\n<p>En el sitio habitan cerca de mil familias, desde hace casi tres a\u00f1os, mismas han buscado acceder a una vivienda digna.<\/p>\n\n\n\n<p>Se trata de un asentamiento irregular que se ubica tambi\u00e9n cerca del r\u00edo Sede\u00f1o, en los l\u00edmites de Xalapa con Banderilla.<\/p>\n\n\n\n<p>Cabe mencionar que los colonos fueron atendidos personalmente por el Presidente Municipal para dar seguimiento a sus demandas.<\/p>\n\n\n\n<p>\u201cPredio El Moral. Se\u00f1or Ricardo Ahued Bardahuil y sus colaboradores, les damos la bienvenida a su nueva administraci\u00f3n confirmamos nuestro agradecimiento. El predio El Moral le reitera su apoyo. Somos una parte de los habitantes del predio\u201d, se le\u00eda en una lona.<\/p>\n\n\n\n<p>Por su parte, Ericka Ram\u00edrez dio a conocer que la representante de la asociaci\u00f3n La Cuarta Transformaci\u00f3n, Bertha Hern\u00e1ndez M\u00e9ndez les ofrece los terrenos muy caros y no lo aceptan por lo cual los invasores marcharon por las principales calles del centro de Xalapa ya que los quieren a precio &#8220;justo&#8221;.<\/p>\n\n\n\n<p>&#8220;Quiere por cada terreno 280 mil pesos puerta calle y los de enmedio quiere 130 mil pesos, ella nos dijo que era la due\u00f1a. Llegamos desde hace 3 a\u00f1os, estaba desocupado, el predio nadie lo viv\u00eda, entonces por la necesidad de todos&#8230;queremos un precio justo que realmente podamos pagar porque somos familias necesitadas, no sabemos (propiedad de qui\u00e9n es), la verdad&#8221;, se\u00f1al\u00f3.<\/p>\n\n\n\n<p>Los colonos tambi\u00e9n solicitaron la intervenci\u00f3n del gobernador Cuitl\u00e1huac Garc\u00eda Jim\u00e9nez, para que se resuelva el problema lo antes posible.<\/p>\n\n\n\n<figure class=\"wp-block-image size-large\"><img loading=\"lazy\" decoding=\"async\" width=\"1024\" height=\"683\" src=\"https:\/\/encuentroinformativo.com.mx\/wp-content\/uploads\/2022\/01\/5D4AF6F5-BBF4-4684-9EB0-71D5B97932D9-1024x683.jpeg\" alt=\"\" class=\"wp-image-22114\" srcset=\"https:\/\/encuentroinformativo.com.mx\/wp-content\/uploads\/2022\/01\/5D4AF6F5-BBF4-4684-9EB0-71D5B97932D9-1024x683.jpeg 1024w, https:\/\/encuentroinformativo.com.mx\/wp-content\/uploads\/2022\/01\/5D4AF6F5-BBF4-4684-9EB0-71D5B97932D9-300x200.jpeg 300w, https:\/\/encuentroinformativo.com.mx\/wp-content\/uploads\/2022\/01\/5D4AF6F5-BBF4-4684-9EB0-71D5B97932D9-768x512.jpeg 768w, https:\/\/encuentroinformativo.com.mx\/wp-content\/uploads\/2022\/01\/5D4AF6F5-BBF4-4684-9EB0-71D5B97932D9-1536x1024.jpeg 1536w, https:\/\/encuentroinformativo.com.mx\/wp-content\/uploads\/2022\/01\/5D4AF6F5-BBF4-4684-9EB0-71D5B97932D9-2048x1365.jpeg 2048w\" sizes=\"auto, (max-width: 1024px) 100vw, 1024px\" \/><\/figure>\n","protected":false},"excerpt":{"rendered":"<p>Juan Arcos\/Dar\u00edo Pale Xalapa, Ver.- Vecinos del predio El Moral de esta ciudad de Xalapa marcharon del parque Los Tecajetes a Palacio Municipal para exigir la regularizaci\u00f3n de un predio en dicha zona. De acuerdo con el l\u00edder de los colonos, Benito Flores \u00c1lvarez, se busca el di\u00e1logo con el alcalde de Xalapa, Ricardo Ahued [&hellip;]<\/p>\n","protected":false},"author":1,"featured_media":22111,"comment_status":"open","ping_status":"open","sticky":false,"template":"","format":"standard","meta":{"_jetpack_memberships_contains_paid_content":false,"footnotes":""},"categories":[3],"tags":[],"class_list":["post-22110","post","type-post","status-publish","format-standard","has-post-thumbnail","hentry","category-xalapa"],"jetpack_featured_media_url":"https:\/\/encuentroinformativo.com.mx\/wp-content\/uploads\/2022\/01\/0384E47C-209D-483D-837F-579FB1CE2DF2.jpeg","jetpack_sharing_enabled":true,"jetpack_likes_enabled":true,"amp_enabled":true,"_links":{"self":[{"href":"https:\/\/encuentroinformativo.com.mx\/index.php?rest_route=\/wp\/v2\/posts\/22110","targetHints":{"allow":["GET"]}}],"collection":[{"href":"https:\/\/encuentroinformativo.com.mx\/index.php?rest_route=\/wp\/v2\/posts"}],"about":[{"href":"https:\/\/encuentroinformativo.com.mx\/index.php?rest_route=\/wp\/v2\/types\/post"}],"author":[{"embeddable":true,"href":"https:\/\/encuentroinformativo.com.mx\/index.php?rest_route=\/wp\/v2\/users\/1"}],"replies":[{"embeddable":true,"href":"https:\/\/encuentroinformativo.com.mx\/index.php?rest_route=%2Fwp%2Fv2%2Fcomments&post=22110"}],"version-history":[{"count":2,"href":"https:\/\/encuentroinformativo.com.mx\/index.php?rest_route=\/wp\/v2\/posts\/22110\/revisions"}],"predecessor-version":[{"id":22115,"href":"https:\/\/encuentroinformativo.com.mx\/index.php?rest_route=\/wp\/v2\/posts\/22110\/revisions\/22115"}],"wp:featuredmedia":[{"embeddable":true,"href":"https:\/\/encuentroinformativo.com.mx\/index.php?rest_route=\/wp\/v2\/media\/22111"}],"wp:attachment":[{"href":"https:\/\/encuentroinformativo.com.mx\/index.php?rest_route=%2Fwp%2Fv2%2Fmedia&parent=22110"}],"wp:term":[{"taxonomy":"category","embeddable":true,"href":"https:\/\/encuentroinformativo.com.mx\/index.php?rest_route=%2Fwp%2Fv2%2Fcategories&post=22110"},{"taxonomy":"post_tag","embeddable":true,"href":"https:\/\/encuentroinformativo.com.mx\/index.php?rest_route=%2Fwp%2Fv2%2Ftags&post=22110"}],"curies":[{"name":"wp","href":"https:\/\/api.w.org\/{rel}","templated":true}]}}