{"id":22125,"date":"2022-01-10T15:05:13","date_gmt":"2022-01-10T21:05:13","guid":{"rendered":"https:\/\/encuentroinformativo.com.mx\/?p=22125"},"modified":"2022-01-10T15:05:17","modified_gmt":"2022-01-10T21:05:17","slug":"cae-primera-nevada-de-la-temporada-en-cofre-de-perote","status":"publish","type":"post","link":"https:\/\/encuentroinformativo.com.mx\/?p=22125","title":{"rendered":"Cae primera nevada de la temporada en Cofre de Perote"},"content":{"rendered":"\n<p><strong>Juan Arcos<\/strong> <\/p>\n\n\n\n<p>Xalapa, Ver.- Este lunes cay\u00f3 la primera nevada de la temporada invernal 2021-2022 en el Cofre de Perote, ubicado a m\u00e1s de 50 kil\u00f3metros de Xalapa, la capital de Veracruz.<\/p>\n\n\n\n<p>La meteor\u00f3loga de la Comisi\u00f3n Nacional del Agua (Conagua), Jessica Iveth Luna Lagunes, public\u00f3 videos en su cuenta de redes sociales, donde se observa el fen\u00f3meno.<\/p>\n\n\n\n<p>Esto ocurri\u00f3 por los efectos del frente fr\u00edo n\u00famero 21, mismo que se desplaza desde el norte del pa\u00eds y avanza por el estado de Veracruz.<\/p>\n\n\n\n<p>Despu\u00e9s del mediod\u00eda de este 10 de enero, comenz\u00f3 a caer la nieve en la pe\u00f1a del Cofre de Perote, mismo que se localiza a m\u00e1s de 4 mil metros sobre el nivel del mar.<\/p>\n\n\n\n<p>\u201cEsto debido a las condiciones que ha generado el paso del frente fr\u00edo n\u00famero 21 por el litoral veracruzano\u201d, expres\u00f3 la especialista.<\/p>\n\n\n\n<p>La meteorolog\u00eda de la Conagua indic\u00f3 que persistir\u00e1n las bajas temperaturas durante este lunes y martes, as\u00ed como lluvias importantes en las zonas norte y sur de la entidad.<\/p>\n\n\n\n<p>\u201cSe tiene que hasta las 13:00 horas de hoy, las lluvias m\u00e1s importantes se han presentado en las cuencas del Nautla y Misantla, donde se tiene incremento en algunos niveles de los r\u00edos pero sin superar sus niveles de desbordamiento\u201d.<\/p>\n\n\n\n<p>Emmanuel Eleazar G\u00f3mez, meteor\u00f3logo de la Secretar\u00eda de Protecci\u00f3n Civil (PC), refiri\u00f3 que el frente fr\u00edo podr\u00eda alcanzar el sureste del Golfo de M\u00e9xico durante el martes 11 de enero, donde se debilitar\u00eda y mantendr\u00eda condiciones para lluvias en la zona sur del estado.<\/p>\n\n\n\n<p>\u201cTambi\u00e9n la masa de aire fr\u00edo est\u00e1 desarrollando un evento de norte que de esta noche a ma\u00f1ana pueda alcanzar rachas de entre 80 y 95 kil\u00f3metros por hora en zonas de costa, oleaje de dos a tres metros cercano al litoral y tambi\u00e9n descenso de la temperatura\u201d, enfatiz\u00f3.<\/p>\n","protected":false},"excerpt":{"rendered":"<p>Juan Arcos Xalapa, Ver.- Este lunes cay\u00f3 la primera nevada de la temporada invernal 2021-2022 en el Cofre de Perote, ubicado a m\u00e1s de 50 kil\u00f3metros de Xalapa, la capital de Veracruz. La meteor\u00f3loga de la Comisi\u00f3n Nacional del Agua (Conagua), Jessica Iveth Luna Lagunes, public\u00f3 videos en su cuenta de redes sociales, donde se [&hellip;]<\/p>\n","protected":false},"author":1,"featured_media":22126,"comment_status":"open","ping_status":"open","sticky":false,"template":"","format":"standard","meta":{"_jetpack_memberships_contains_paid_content":false,"footnotes":""},"categories":[8],"tags":[],"class_list":["post-22125","post","type-post","status-publish","format-standard","has-post-thumbnail","hentry","category-region"],"jetpack_featured_media_url":"https:\/\/encuentroinformativo.com.mx\/wp-content\/uploads\/2022\/01\/ED567A5F-DC1B-4E1B-B4DF-F8911B9114F3.jpeg","jetpack_sharing_enabled":true,"jetpack_likes_enabled":true,"amp_enabled":true,"_links":{"self":[{"href":"https:\/\/encuentroinformativo.com.mx\/index.php?rest_route=\/wp\/v2\/posts\/22125","targetHints":{"allow":["GET"]}}],"collection":[{"href":"https:\/\/encuentroinformativo.com.mx\/index.php?rest_route=\/wp\/v2\/posts"}],"about":[{"href":"https:\/\/encuentroinformativo.com.mx\/index.php?rest_route=\/wp\/v2\/types\/post"}],"author":[{"embeddable":true,"href":"https:\/\/encuentroinformativo.com.mx\/index.php?rest_route=\/wp\/v2\/users\/1"}],"replies":[{"embeddable":true,"href":"https:\/\/encuentroinformativo.com.mx\/index.php?rest_route=%2Fwp%2Fv2%2Fcomments&post=22125"}],"version-history":[{"count":1,"href":"https:\/\/encuentroinformativo.com.mx\/index.php?rest_route=\/wp\/v2\/posts\/22125\/revisions"}],"predecessor-version":[{"id":22127,"href":"https:\/\/encuentroinformativo.com.mx\/index.php?rest_route=\/wp\/v2\/posts\/22125\/revisions\/22127"}],"wp:featuredmedia":[{"embeddable":true,"href":"https:\/\/encuentroinformativo.com.mx\/index.php?rest_route=\/wp\/v2\/media\/22126"}],"wp:attachment":[{"href":"https:\/\/encuentroinformativo.com.mx\/index.php?rest_route=%2Fwp%2Fv2%2Fmedia&parent=22125"}],"wp:term":[{"taxonomy":"category","embeddable":true,"href":"https:\/\/encuentroinformativo.com.mx\/index.php?rest_route=%2Fwp%2Fv2%2Fcategories&post=22125"},{"taxonomy":"post_tag","embeddable":true,"href":"https:\/\/encuentroinformativo.com.mx\/index.php?rest_route=%2Fwp%2Fv2%2Ftags&post=22125"}],"curies":[{"name":"wp","href":"https:\/\/api.w.org\/{rel}","templated":true}]}}