{"id":22131,"date":"2022-01-10T15:58:22","date_gmt":"2022-01-10T21:58:22","guid":{"rendered":"https:\/\/encuentroinformativo.com.mx\/?p=22131"},"modified":"2022-01-10T15:58:26","modified_gmt":"2022-01-10T21:58:26","slug":"terrible-accidente-en-alvarado-persona-de-la-tercera-edad-lesionada-de-gravedad","status":"publish","type":"post","link":"https:\/\/encuentroinformativo.com.mx\/?p=22131","title":{"rendered":"Terrible accidente en Alvarado, persona de la tercera edad lesionada de gravedad"},"content":{"rendered":"\n<p><strong>Alejandro \u00c1vila<\/strong><\/p>\n\n\n\n<p>Alvarado, Ver.- Una persona que conduc\u00eda un autom\u00f3vil Ford rojo, marca Figo con placas YKF-287-A, perdi\u00f3 el control en la cabecera municipal de Alvarado debido a la lluvia y fue impactado por el taxi con n\u00famero econ\u00f3mico 62, dejando a un pasajero de la tercera edad severamente herido de su rostro.<\/p>\n\n\n\n<p>Los hechos ocurrieron la tarde de este lunes en la curva del parque deportivo &#8220;Miguel Alem\u00e1n Valdez&#8221;, donde presuntamente el conductor del carro rojo, seg\u00fan relatan testigos, se cruz\u00f3 el carril al perder el control por la lluvia y fue impactado por la unidad de renta.<\/p>\n\n\n\n<p>En primera instancia, varios ciudadanos se acercaron a brindar auxilio, pero al ver a la se\u00f1ora que ven\u00eda en el asiento trasero, impactada sobre el asiento del copiloto con una abertura en la frente y quejandose de dolor, hicieron el llamado inmediato a los cuerpos de emergencia.<\/p>\n\n\n\n<p>Al sitio llegaron elementos de la Cruz Roja y Protecci\u00f3n Civil Municipal, as\u00ed como elementos de la Polic\u00eda Municipal, para brindar el servicio de apoyo y trasladar a los heridos al hospital; mientras que las unidades fueron retenidas para posteriormente fincar las responsabilidades correspondientes.<\/p>\n\n\n\n<figure class=\"wp-block-image size-large\"><img loading=\"lazy\" decoding=\"async\" width=\"1024\" height=\"768\" src=\"https:\/\/encuentroinformativo.com.mx\/wp-content\/uploads\/2022\/01\/4C92A1A8-3020-4065-9CE4-3E7F6A0E2959-1024x768.jpeg\" alt=\"\" class=\"wp-image-22133\" srcset=\"https:\/\/encuentroinformativo.com.mx\/wp-content\/uploads\/2022\/01\/4C92A1A8-3020-4065-9CE4-3E7F6A0E2959-1024x768.jpeg 1024w, https:\/\/encuentroinformativo.com.mx\/wp-content\/uploads\/2022\/01\/4C92A1A8-3020-4065-9CE4-3E7F6A0E2959-300x225.jpeg 300w, https:\/\/encuentroinformativo.com.mx\/wp-content\/uploads\/2022\/01\/4C92A1A8-3020-4065-9CE4-3E7F6A0E2959-768x576.jpeg 768w, https:\/\/encuentroinformativo.com.mx\/wp-content\/uploads\/2022\/01\/4C92A1A8-3020-4065-9CE4-3E7F6A0E2959-1536x1152.jpeg 1536w, https:\/\/encuentroinformativo.com.mx\/wp-content\/uploads\/2022\/01\/4C92A1A8-3020-4065-9CE4-3E7F6A0E2959.jpeg 1600w\" sizes=\"auto, (max-width: 1024px) 100vw, 1024px\" \/><\/figure>\n","protected":false},"excerpt":{"rendered":"<p>Alejandro \u00c1vila Alvarado, Ver.- Una persona que conduc\u00eda un autom\u00f3vil Ford rojo, marca Figo con placas YKF-287-A, perdi\u00f3 el control en la cabecera municipal de Alvarado debido a la lluvia y fue impactado por el taxi con n\u00famero econ\u00f3mico 62, dejando a un pasajero de la tercera edad severamente herido de su rostro. Los hechos [&hellip;]<\/p>\n","protected":false},"author":1,"featured_media":22132,"comment_status":"open","ping_status":"open","sticky":false,"template":"","format":"standard","meta":{"_jetpack_memberships_contains_paid_content":false,"footnotes":""},"categories":[2],"tags":[],"class_list":["post-22131","post","type-post","status-publish","format-standard","has-post-thumbnail","hentry","category-estado"],"jetpack_featured_media_url":"https:\/\/encuentroinformativo.com.mx\/wp-content\/uploads\/2022\/01\/461A4AA6-F42C-4D06-A3D6-ED201E14077A.jpeg","jetpack_sharing_enabled":true,"jetpack_likes_enabled":true,"amp_enabled":true,"_links":{"self":[{"href":"https:\/\/encuentroinformativo.com.mx\/index.php?rest_route=\/wp\/v2\/posts\/22131","targetHints":{"allow":["GET"]}}],"collection":[{"href":"https:\/\/encuentroinformativo.com.mx\/index.php?rest_route=\/wp\/v2\/posts"}],"about":[{"href":"https:\/\/encuentroinformativo.com.mx\/index.php?rest_route=\/wp\/v2\/types\/post"}],"author":[{"embeddable":true,"href":"https:\/\/encuentroinformativo.com.mx\/index.php?rest_route=\/wp\/v2\/users\/1"}],"replies":[{"embeddable":true,"href":"https:\/\/encuentroinformativo.com.mx\/index.php?rest_route=%2Fwp%2Fv2%2Fcomments&post=22131"}],"version-history":[{"count":1,"href":"https:\/\/encuentroinformativo.com.mx\/index.php?rest_route=\/wp\/v2\/posts\/22131\/revisions"}],"predecessor-version":[{"id":22134,"href":"https:\/\/encuentroinformativo.com.mx\/index.php?rest_route=\/wp\/v2\/posts\/22131\/revisions\/22134"}],"wp:featuredmedia":[{"embeddable":true,"href":"https:\/\/encuentroinformativo.com.mx\/index.php?rest_route=\/wp\/v2\/media\/22132"}],"wp:attachment":[{"href":"https:\/\/encuentroinformativo.com.mx\/index.php?rest_route=%2Fwp%2Fv2%2Fmedia&parent=22131"}],"wp:term":[{"taxonomy":"category","embeddable":true,"href":"https:\/\/encuentroinformativo.com.mx\/index.php?rest_route=%2Fwp%2Fv2%2Fcategories&post=22131"},{"taxonomy":"post_tag","embeddable":true,"href":"https:\/\/encuentroinformativo.com.mx\/index.php?rest_route=%2Fwp%2Fv2%2Ftags&post=22131"}],"curies":[{"name":"wp","href":"https:\/\/api.w.org\/{rel}","templated":true}]}}