{"id":22139,"date":"2022-01-11T10:09:10","date_gmt":"2022-01-11T16:09:10","guid":{"rendered":"https:\/\/encuentroinformativo.com.mx\/?p=22139"},"modified":"2022-01-11T10:09:13","modified_gmt":"2022-01-11T16:09:13","slug":"consejeros-del-ine-recurririan-a-corte-interamericana-de-derechos-humanos","status":"publish","type":"post","link":"https:\/\/encuentroinformativo.com.mx\/?p=22139","title":{"rendered":"Consejeros del INE recurrir\u00edan a Corte Interamericana de Derechos Humanos"},"content":{"rendered":"\n<p><strong>Alejandro \u00c1vila<\/strong><\/p>\n\n\n\n<p>Veracruz, Ver.- Como una &#8220;mancha para la democracia&#8221; catalog\u00f3 el Consejero del INE, Jos\u00e9 Roberto Ruiz Salda\u00f1a, la denuncia penal interpuesta en su contra y sus cinco compa\u00f1eros, misma que aclar\u00f3 a\u00fan no se retira y por la cual podr\u00edan ir a la Corte Interamericana de los Derechos Humanos ya que, aparentemente, se busca criminalizarlos.<\/p>\n\n\n\n<p>Cabe recordar que el pasado 23 de diciembre el presidente de la C\u00e1mara de Diputados, Sergio Guti\u00e9rrez Luna, denunci\u00f3 penalmente ante la Fiscal\u00eda General de la Rep\u00fablica (FGR) a los seis Consejeros del INE, acusandolos de cometer un delito por aplazar la consulta de revocaci\u00f3n de mandato.<\/p>\n\n\n\n<p>Explico que esta molestia del diputado morenista debi\u00f3 atenderse en las instancias adecuadas como, el Tribunal Electoral o la Suprema Corte de Justicia de la Naci\u00f3n (SCJN), mismas que resuelven asuntos de inconstitucionalidad, cuando alguien denuncia que un tema no debi\u00f3 ser votado de cierta forma.<\/p>\n\n\n\n<p>Si bien el propio presidente, Andr\u00e9s Manuel L\u00f3pez Obrador, desestim\u00f3 la denuncia, y d\u00edas despu\u00e9s &#8211; el 29 de diciembre &#8211; la cuenta oficial de Twitter del Congreso de la Uni\u00f3n dijo que no continur\u00eda la denuncia su cause y las indagatorias, Ruiz Salda\u00f1a acus\u00f3 que solo fue una notificaci\u00f3n medi\u00e1tica.<\/p>\n\n\n\n<p>&#8220;Lamentablemente esa denuncia penal no se ha archivado, no se ha concluido, de modo que estamos, las y los Consejeros denunciados con esta situaci\u00f3n reprobable de ser perseguidos penalmente y criminalizados por nuestro trabajo (\u2026) no fue falso que concluy\u00f3, de hecho ya han llegado requerimientos de informaci\u00f3n al INE, y pues est\u00e1 en manos de la Fiscal\u00eda General de la Rep\u00fablica que ese tema se archive, y ya el presidente de la rep\u00fablica dijo que no se persiga penalmente a las y los Consejeros, yo quiero creer que el presidente de la rep\u00fablica es una voz, en ese tema, importante, que deber\u00edan de atender&#8221;, remat\u00f3.<\/p>\n","protected":false},"excerpt":{"rendered":"<p>Alejandro \u00c1vila Veracruz, Ver.- Como una &#8220;mancha para la democracia&#8221; catalog\u00f3 el Consejero del INE, Jos\u00e9 Roberto Ruiz Salda\u00f1a, la denuncia penal interpuesta en su contra y sus cinco compa\u00f1eros, misma que aclar\u00f3 a\u00fan no se retira y por la cual podr\u00edan ir a la Corte Interamericana de los Derechos Humanos ya que, aparentemente, se [&hellip;]<\/p>\n","protected":false},"author":1,"featured_media":22140,"comment_status":"open","ping_status":"open","sticky":false,"template":"","format":"standard","meta":{"_jetpack_memberships_contains_paid_content":false,"footnotes":""},"categories":[2],"tags":[],"class_list":["post-22139","post","type-post","status-publish","format-standard","has-post-thumbnail","hentry","category-estado"],"jetpack_featured_media_url":"https:\/\/encuentroinformativo.com.mx\/wp-content\/uploads\/2022\/01\/0E32BAF2-6ECC-4154-876F-D6852BA42209.jpeg","jetpack_sharing_enabled":true,"jetpack_likes_enabled":true,"amp_enabled":true,"_links":{"self":[{"href":"https:\/\/encuentroinformativo.com.mx\/index.php?rest_route=\/wp\/v2\/posts\/22139","targetHints":{"allow":["GET"]}}],"collection":[{"href":"https:\/\/encuentroinformativo.com.mx\/index.php?rest_route=\/wp\/v2\/posts"}],"about":[{"href":"https:\/\/encuentroinformativo.com.mx\/index.php?rest_route=\/wp\/v2\/types\/post"}],"author":[{"embeddable":true,"href":"https:\/\/encuentroinformativo.com.mx\/index.php?rest_route=\/wp\/v2\/users\/1"}],"replies":[{"embeddable":true,"href":"https:\/\/encuentroinformativo.com.mx\/index.php?rest_route=%2Fwp%2Fv2%2Fcomments&post=22139"}],"version-history":[{"count":1,"href":"https:\/\/encuentroinformativo.com.mx\/index.php?rest_route=\/wp\/v2\/posts\/22139\/revisions"}],"predecessor-version":[{"id":22141,"href":"https:\/\/encuentroinformativo.com.mx\/index.php?rest_route=\/wp\/v2\/posts\/22139\/revisions\/22141"}],"wp:featuredmedia":[{"embeddable":true,"href":"https:\/\/encuentroinformativo.com.mx\/index.php?rest_route=\/wp\/v2\/media\/22140"}],"wp:attachment":[{"href":"https:\/\/encuentroinformativo.com.mx\/index.php?rest_route=%2Fwp%2Fv2%2Fmedia&parent=22139"}],"wp:term":[{"taxonomy":"category","embeddable":true,"href":"https:\/\/encuentroinformativo.com.mx\/index.php?rest_route=%2Fwp%2Fv2%2Fcategories&post=22139"},{"taxonomy":"post_tag","embeddable":true,"href":"https:\/\/encuentroinformativo.com.mx\/index.php?rest_route=%2Fwp%2Fv2%2Ftags&post=22139"}],"curies":[{"name":"wp","href":"https:\/\/api.w.org\/{rel}","templated":true}]}}