{"id":22142,"date":"2022-01-11T11:53:50","date_gmt":"2022-01-11T17:53:50","guid":{"rendered":"https:\/\/encuentroinformativo.com.mx\/?p=22142"},"modified":"2022-01-11T11:53:53","modified_gmt":"2022-01-11T17:53:53","slug":"reclaman-sindicatos-aplicar-protocolos-sanitarios-en-la-sev","status":"publish","type":"post","link":"https:\/\/encuentroinformativo.com.mx\/?p=22142","title":{"rendered":"Reclaman sindicatos aplicar protocolos sanitarios en la SEV"},"content":{"rendered":"\n<p><strong>Juan Arcos<\/strong> <\/p>\n\n\n\n<p>Xalapa, Ver.- Trabajadores sindicalizados exigieron a las autoridades educativas que se refuercen las medidas sanitarias para el ingreso a las oficinas centrales de la Secretar\u00eda de Educaci\u00f3n de Veracruz (SEV), ante el incremento en los contagios de SARS-CoV2 (Covid-19).<\/p>\n\n\n\n<p>Se trata de integrantes de la Secci\u00f3n 32 del Sindicato Nacional de Trabajadores de la Educaci\u00f3n (SNTE), quienes est\u00e1n preocupados, debido a que presuntamente no est\u00e1n siendo aplicados los protocolos sanitarios.<\/p>\n\n\n\n<p>De acuerdo con el secretario de Trabajos y Conflictos del Personal de Apoyo y Asistencia a la Educaci\u00f3n de la Secci\u00f3n 32 del Sindicato Nacional de Trabajadores de la Educaci\u00f3n (SNTE), Ricardo Morales Santiago, se ha detectado un relajamiento en las medidas sanitarias y hay temor de que repunten los contagios entre el personal estatal.<\/p>\n\n\n\n<p>\u201cLa inquietud que tienen los compa\u00f1eros es que no se est\u00e1n cubriendo los protocolos de ingreso a la Secretar\u00eda de Educaci\u00f3n de Veracruz como debe ser y ya hay compa\u00f1eros que est\u00e1n contagiados en varias \u00e1reas\u201d, enfatiz\u00f3.<\/p>\n\n\n\n<p>En ese sentido, el representante sindical refiri\u00f3 que se han sostenido reuniones con los encargados de tres delegaciones del SNTE y autoridades de Oficial\u00eda Mayor y Recursos Humanos para exponer la problem\u00e1tica.<\/p>\n\n\n\n<p>&#8220;Varios compa\u00f1eros resultaron positivos, desconoc\u00edan que estaban con el virus y fueron a hacerse la prueba y result\u00f3 que son positivos y la inquietud de los compa\u00f1eros que tuvieron contacto con ellos es que se realicen las medidas protocolarias de sanitizaci\u00f3n en las \u00e1reas donde estuvieron los compa\u00f1eros\u201d, a\u00f1adi\u00f3.<\/p>\n\n\n\n<p>Por ese motivo, el pasado 7 de enero, los l\u00edderes delegacionales emitieron un oficio a autoridades de la SEV para convocar a una reuni\u00f3n urgente de trabajo por los constantes casos de coronavirus.<\/p>\n\n\n\n<p>En el documento solicitaron que el retorno a las \u00e1reas de trabajo se realice de manera escalonada y con turnos de guardia para evitar la propagaci\u00f3n del virus.<\/p>\n\n\n\n<p>\u201cPorque ya se est\u00e1 dando un buen n\u00famero de contagios, incluso en la Delegaci\u00f3n Regional de Veracruz se dio un problema porque ha habido hasta cinco casos de Covid-19\u201d, enfatiz\u00f3 Morales Santiago.<\/p>\n","protected":false},"excerpt":{"rendered":"<p>Juan Arcos Xalapa, Ver.- Trabajadores sindicalizados exigieron a las autoridades educativas que se refuercen las medidas sanitarias para el ingreso a las oficinas centrales de la Secretar\u00eda de Educaci\u00f3n de Veracruz (SEV), ante el incremento en los contagios de SARS-CoV2 (Covid-19). Se trata de integrantes de la Secci\u00f3n 32 del Sindicato Nacional de Trabajadores de [&hellip;]<\/p>\n","protected":false},"author":1,"featured_media":22143,"comment_status":"open","ping_status":"open","sticky":false,"template":"","format":"standard","meta":{"_jetpack_memberships_contains_paid_content":false,"footnotes":""},"categories":[9],"tags":[],"class_list":["post-22142","post","type-post","status-publish","format-standard","has-post-thumbnail","hentry","category-salud"],"jetpack_featured_media_url":"https:\/\/encuentroinformativo.com.mx\/wp-content\/uploads\/2022\/01\/AD7E54C3-2A80-43F4-9E28-CDFFE89B2046.jpeg","jetpack_sharing_enabled":true,"jetpack_likes_enabled":true,"amp_enabled":true,"_links":{"self":[{"href":"https:\/\/encuentroinformativo.com.mx\/index.php?rest_route=\/wp\/v2\/posts\/22142","targetHints":{"allow":["GET"]}}],"collection":[{"href":"https:\/\/encuentroinformativo.com.mx\/index.php?rest_route=\/wp\/v2\/posts"}],"about":[{"href":"https:\/\/encuentroinformativo.com.mx\/index.php?rest_route=\/wp\/v2\/types\/post"}],"author":[{"embeddable":true,"href":"https:\/\/encuentroinformativo.com.mx\/index.php?rest_route=\/wp\/v2\/users\/1"}],"replies":[{"embeddable":true,"href":"https:\/\/encuentroinformativo.com.mx\/index.php?rest_route=%2Fwp%2Fv2%2Fcomments&post=22142"}],"version-history":[{"count":1,"href":"https:\/\/encuentroinformativo.com.mx\/index.php?rest_route=\/wp\/v2\/posts\/22142\/revisions"}],"predecessor-version":[{"id":22144,"href":"https:\/\/encuentroinformativo.com.mx\/index.php?rest_route=\/wp\/v2\/posts\/22142\/revisions\/22144"}],"wp:featuredmedia":[{"embeddable":true,"href":"https:\/\/encuentroinformativo.com.mx\/index.php?rest_route=\/wp\/v2\/media\/22143"}],"wp:attachment":[{"href":"https:\/\/encuentroinformativo.com.mx\/index.php?rest_route=%2Fwp%2Fv2%2Fmedia&parent=22142"}],"wp:term":[{"taxonomy":"category","embeddable":true,"href":"https:\/\/encuentroinformativo.com.mx\/index.php?rest_route=%2Fwp%2Fv2%2Fcategories&post=22142"},{"taxonomy":"post_tag","embeddable":true,"href":"https:\/\/encuentroinformativo.com.mx\/index.php?rest_route=%2Fwp%2Fv2%2Ftags&post=22142"}],"curies":[{"name":"wp","href":"https:\/\/api.w.org\/{rel}","templated":true}]}}