{"id":22151,"date":"2022-01-11T13:22:34","date_gmt":"2022-01-11T19:22:34","guid":{"rendered":"https:\/\/encuentroinformativo.com.mx\/?p=22151"},"modified":"2022-01-11T13:22:38","modified_gmt":"2022-01-11T19:22:38","slug":"pt-solicita-seguridad-para-candidatos-de-elecciones-extraordinarias","status":"publish","type":"post","link":"https:\/\/encuentroinformativo.com.mx\/?p=22151","title":{"rendered":"PT solicita seguridad para candidatos de elecciones extraordinarias"},"content":{"rendered":"\n<p><strong>Dar\u00edo Pale<\/strong> <\/p>\n\n\n\n<p>Xalapa, Ver.- El coordinador de la comisi\u00f3n ejecutiva estatal del Partido del Trabajo Vicente Aguilar Aguilar dio a conocer que van a solicitar al gobierno el estado seguridad para los candidatos y las eleciones extraordinarias.<\/p>\n\n\n\n<p>En conferencia de prensa realizada en las instalaciones de su partido, se\u00f1al\u00f3 que en las elecciones extraordinarias a realizarse el pr\u00f3ximo 27 de marzo en los municipios de Chiconamel, Jes\u00fas Carranza, Amatitlan y Tlacotepec de Mej\u00eda, solicitar\u00e1n al gobierno del estado que se garantice la tranquilidad y el orden p\u00fablico.<\/p>\n\n\n\n<p>Tambi\u00e9n deben de garantizar la seguridad de los candidatos durante el desarrollo del proceso Electoral, esto debido al clima de inseguridad que se est\u00e1 registrando en algunas regiones del estado.<\/p>\n\n\n\n<p>&#8220;Solicitamos al gobierno del Estado garantice la tranquilidad y el orden, as\u00ed como la seguridad de los candidatos durante el desarrollo del proceso electoral&#8221;, se\u00f1al\u00f3.<\/p>\n\n\n\n<p>En otro orden de ideas Aguilar Aguilar tambi\u00e9n exhort\u00f3 al Organismo P\u00fablico Local Electoral (OPLE) a conducirse apegado a derecho en los pr\u00f3ximos procesos electorales, adem\u00e1s de que adelant\u00f3 que est\u00e1n analizando si ir\u00e1n en alianza nuevamente con Morena y el Partido Verde.<\/p>\n\n\n\n<p>Reiter\u00f3 que aunque la pol\u00edtica es di\u00e1logo, entendimiento y acuerdo, &#8220;vamos a ver&#8221;, sobre todo, en algunos como Jes\u00fas Carranza, donde el pleito fue con el candidato de Morena.<\/p>\n\n\n\n<p>En relaci\u00f3n a la nueva dirigencia estatal del Partido Verde, expres\u00f3 que ojal\u00e1 puedan dialogar y tanto este como Morena &#8220;le bajen a los egos&#8221;.<\/p>\n\n\n\n<p>Por \u00faltimo no descart\u00f3 que Fuerza por M\u00e9xico pueda ir con ellos en alianza en el pr\u00f3ximo proceso electoral del mes de marzo.<\/p>\n","protected":false},"excerpt":{"rendered":"<p>Dar\u00edo Pale Xalapa, Ver.- El coordinador de la comisi\u00f3n ejecutiva estatal del Partido del Trabajo Vicente Aguilar Aguilar dio a conocer que van a solicitar al gobierno el estado seguridad para los candidatos y las eleciones extraordinarias. En conferencia de prensa realizada en las instalaciones de su partido, se\u00f1al\u00f3 que en las elecciones extraordinarias a [&hellip;]<\/p>\n","protected":false},"author":1,"featured_media":22152,"comment_status":"open","ping_status":"open","sticky":false,"template":"","format":"standard","meta":{"_jetpack_memberships_contains_paid_content":false,"footnotes":""},"categories":[2],"tags":[],"class_list":["post-22151","post","type-post","status-publish","format-standard","has-post-thumbnail","hentry","category-estado"],"jetpack_featured_media_url":"https:\/\/encuentroinformativo.com.mx\/wp-content\/uploads\/2022\/01\/1DE749E3-BCA6-49AF-BEB7-0298572F3091.jpeg","jetpack_sharing_enabled":true,"jetpack_likes_enabled":true,"amp_enabled":true,"_links":{"self":[{"href":"https:\/\/encuentroinformativo.com.mx\/index.php?rest_route=\/wp\/v2\/posts\/22151","targetHints":{"allow":["GET"]}}],"collection":[{"href":"https:\/\/encuentroinformativo.com.mx\/index.php?rest_route=\/wp\/v2\/posts"}],"about":[{"href":"https:\/\/encuentroinformativo.com.mx\/index.php?rest_route=\/wp\/v2\/types\/post"}],"author":[{"embeddable":true,"href":"https:\/\/encuentroinformativo.com.mx\/index.php?rest_route=\/wp\/v2\/users\/1"}],"replies":[{"embeddable":true,"href":"https:\/\/encuentroinformativo.com.mx\/index.php?rest_route=%2Fwp%2Fv2%2Fcomments&post=22151"}],"version-history":[{"count":1,"href":"https:\/\/encuentroinformativo.com.mx\/index.php?rest_route=\/wp\/v2\/posts\/22151\/revisions"}],"predecessor-version":[{"id":22153,"href":"https:\/\/encuentroinformativo.com.mx\/index.php?rest_route=\/wp\/v2\/posts\/22151\/revisions\/22153"}],"wp:featuredmedia":[{"embeddable":true,"href":"https:\/\/encuentroinformativo.com.mx\/index.php?rest_route=\/wp\/v2\/media\/22152"}],"wp:attachment":[{"href":"https:\/\/encuentroinformativo.com.mx\/index.php?rest_route=%2Fwp%2Fv2%2Fmedia&parent=22151"}],"wp:term":[{"taxonomy":"category","embeddable":true,"href":"https:\/\/encuentroinformativo.com.mx\/index.php?rest_route=%2Fwp%2Fv2%2Fcategories&post=22151"},{"taxonomy":"post_tag","embeddable":true,"href":"https:\/\/encuentroinformativo.com.mx\/index.php?rest_route=%2Fwp%2Fv2%2Ftags&post=22151"}],"curies":[{"name":"wp","href":"https:\/\/api.w.org\/{rel}","templated":true}]}}