{"id":22154,"date":"2022-01-11T13:48:12","date_gmt":"2022-01-11T19:48:12","guid":{"rendered":"https:\/\/encuentroinformativo.com.mx\/?p=22154"},"modified":"2022-01-11T13:48:15","modified_gmt":"2022-01-11T19:48:15","slug":"se-quejan-trabajadores-de-nuevas-disposiciones-en-sefiplan","status":"publish","type":"post","link":"https:\/\/encuentroinformativo.com.mx\/?p=22154","title":{"rendered":"Se quejan trabajadores de nuevas disposiciones en Sefiplan"},"content":{"rendered":"\n<p><strong>Dar\u00edo Pale<\/strong> <\/p>\n\n\n\n<p>Xalapa, Ver.- Acusan al titular de la Direcci\u00f3n General de Administraci\u00f3n, Carlos Bernab\u00e9 P\u00e9rez Salazar, de generar terrorismo laboral debido a que a partir del pasado 6 de enero deben de cumplir nuevas disposiciones, as\u00ed lo informaron trabajadores que prefirieron guardar su identidad por temor a represalias.<\/p>\n\n\n\n<p>Lo anterior se debe a que el 6 de enero a trav\u00e9s de una circular les dieron a conocer que todos los trabajadores deber\u00e1n cumplir con nuevas disposiciones que, a decir de ellos, atentan contra su desempe\u00f1o laboral y generan miedo e incertidumbre.<\/p>\n\n\n\n<p>Dieron a conocer que entre las nuevas medidas disciplinarias, que es como el propio P\u00e9rez Salazar las hace llamar, se encuentran el no salir de sus \u00e1reas de trabajo a menos que se cuente con un permiso que debe ser entregado con varios d\u00edas de anticipaci\u00f3n y concedido.<\/p>\n\n\n\n<p>El personal de seguridad no permitir\u00e1 la salida de los trabajadores a menos que cuenten con esta solicitud recibida y otorgada en Recursos Humanos y otro de los puntos que preocupa a los trabajadores, es el hecho de no poder hacerse acompa\u00f1ar por ninguna persona ajena a la dependencia.<\/p>\n\n\n\n<p>Manifestaron que muchos de ellos son mujeres que en ocasiones necesitan llevar a sus menores hijos y que incluso consideran esta medida atenta contra sus derechos laborales y podr\u00eda incluso ser mis\u00f3gina.<\/p>\n\n\n\n<p>Por \u00faltimo ante esta situaci\u00f3n, hicieron un llamado al titular de la Sefiplan, para que ponga atenci\u00f3n a esta disposici\u00f3n que, si bien no buscan que haya preferencias, si que sean apegadas a derecho laboral, equitativo y sobre todo que no da\u00f1e sus derechos humanos.<\/p>\n","protected":false},"excerpt":{"rendered":"<p>Dar\u00edo Pale Xalapa, Ver.- Acusan al titular de la Direcci\u00f3n General de Administraci\u00f3n, Carlos Bernab\u00e9 P\u00e9rez Salazar, de generar terrorismo laboral debido a que a partir del pasado 6 de enero deben de cumplir nuevas disposiciones, as\u00ed lo informaron trabajadores que prefirieron guardar su identidad por temor a represalias. Lo anterior se debe a que [&hellip;]<\/p>\n","protected":false},"author":1,"featured_media":22155,"comment_status":"open","ping_status":"open","sticky":false,"template":"","format":"standard","meta":{"_jetpack_memberships_contains_paid_content":false,"footnotes":""},"categories":[2],"tags":[],"class_list":["post-22154","post","type-post","status-publish","format-standard","has-post-thumbnail","hentry","category-estado"],"jetpack_featured_media_url":"https:\/\/encuentroinformativo.com.mx\/wp-content\/uploads\/2022\/01\/7F3126CC-1027-4C3D-B05E-C3B7BE4314DB.jpeg","jetpack_sharing_enabled":true,"jetpack_likes_enabled":true,"amp_enabled":true,"_links":{"self":[{"href":"https:\/\/encuentroinformativo.com.mx\/index.php?rest_route=\/wp\/v2\/posts\/22154","targetHints":{"allow":["GET"]}}],"collection":[{"href":"https:\/\/encuentroinformativo.com.mx\/index.php?rest_route=\/wp\/v2\/posts"}],"about":[{"href":"https:\/\/encuentroinformativo.com.mx\/index.php?rest_route=\/wp\/v2\/types\/post"}],"author":[{"embeddable":true,"href":"https:\/\/encuentroinformativo.com.mx\/index.php?rest_route=\/wp\/v2\/users\/1"}],"replies":[{"embeddable":true,"href":"https:\/\/encuentroinformativo.com.mx\/index.php?rest_route=%2Fwp%2Fv2%2Fcomments&post=22154"}],"version-history":[{"count":1,"href":"https:\/\/encuentroinformativo.com.mx\/index.php?rest_route=\/wp\/v2\/posts\/22154\/revisions"}],"predecessor-version":[{"id":22156,"href":"https:\/\/encuentroinformativo.com.mx\/index.php?rest_route=\/wp\/v2\/posts\/22154\/revisions\/22156"}],"wp:featuredmedia":[{"embeddable":true,"href":"https:\/\/encuentroinformativo.com.mx\/index.php?rest_route=\/wp\/v2\/media\/22155"}],"wp:attachment":[{"href":"https:\/\/encuentroinformativo.com.mx\/index.php?rest_route=%2Fwp%2Fv2%2Fmedia&parent=22154"}],"wp:term":[{"taxonomy":"category","embeddable":true,"href":"https:\/\/encuentroinformativo.com.mx\/index.php?rest_route=%2Fwp%2Fv2%2Fcategories&post=22154"},{"taxonomy":"post_tag","embeddable":true,"href":"https:\/\/encuentroinformativo.com.mx\/index.php?rest_route=%2Fwp%2Fv2%2Ftags&post=22154"}],"curies":[{"name":"wp","href":"https:\/\/api.w.org\/{rel}","templated":true}]}}