{"id":2216,"date":"2020-04-30T12:11:33","date_gmt":"2020-04-30T17:11:33","guid":{"rendered":"https:\/\/encuentroinformativo.com\/?p=2216"},"modified":"2020-04-30T12:11:36","modified_gmt":"2020-04-30T17:11:36","slug":"taxista-pide-a-las-autoridades-le-devuelvan-su-unidad","status":"publish","type":"post","link":"https:\/\/encuentroinformativo.com.mx\/?p=2216","title":{"rendered":"Taxista pide a las autoridades le devuelvan su unidad"},"content":{"rendered":"\n<p><strong>Juan Arcos <\/strong><\/p>\n\n\n\n<p>Xalapa, Ver.- El taxista Indalecio Hern\u00e1ndez C\u00f3rdoba exigi\u00f3 a la Fiscal\u00eda General del Estado (FGE) la entrega de su unidad de transporte p\u00fablico.<\/p>\n\n\n\n<p>El se\u00f1or protest\u00f3 en Plaza Sebasti\u00e1n Lerdo de Tejada junto con sus familiares y amigos para que sus peticiones fueran escuchadas por las autoridades estatales.<\/p>\n\n\n\n<p>\u201cNada m\u00e1s quiero que me regresen mi taxi para poder trabajar. El fiscal n\u00famero 23, de nombre Misael, me dijo: no es culpa m\u00eda, fue mi asistente\u201d.<\/p>\n\n\n\n<p>El conductor es originario de Mazatepec, municipio de Acajete. El pasado 3 de abril fue arrestado porque brind\u00f3 servicio a un pasajero que acababa de cometer un asalto en una tienda de autoservicio.<\/p>\n\n\n\n<p>Hern\u00e1ndez C\u00f3rdoba qued\u00f3 absuelto de todo cargo al comprobarse que no hab\u00eda participado en el atraco.<\/p>\n\n\n\n<p>Sin embargo, la FGE no entreg\u00f3 la unidad en el plazo establecido de 15 d\u00edas h\u00e1biles.<br>Record\u00f3 que el pasado 6 de abril present\u00f3 la documentaci\u00f3n para acreditar la propiedad de la unidad.<\/p>\n\n\n\n<p>Desde que fue detenido no ha podido laborar y su taxi es la \u00fanica fuente de ingresos para su familia.<\/p>\n\n\n\n<p>Adem\u00e1s, le est\u00e1n cobrando el arrastre de la gr\u00faa y 70 pesos por d\u00eda en el corral\u00f3n donde se encuentra el autom\u00f3vil.<\/p>\n\n\n\n<p>El se\u00f1or pidi\u00f3 la intervenci\u00f3n de la encargada de despacho de la Fiscal\u00eda General del Estado, Ver\u00f3nica Hern\u00e1ndez Giadans, y del gobernador Cuitl\u00e1huac Garc\u00eda Jim\u00e9nez para que se atienda su caso.<\/p>\n\n\n\n<p><\/p>\n","protected":false},"excerpt":{"rendered":"<p>Juan Arcos Xalapa, Ver.- El taxista Indalecio Hern\u00e1ndez C\u00f3rdoba exigi\u00f3 a la Fiscal\u00eda General del Estado (FGE) la entrega de su unidad de transporte p\u00fablico. El se\u00f1or protest\u00f3 en Plaza Sebasti\u00e1n Lerdo de Tejada junto con sus familiares y amigos para que sus peticiones fueran escuchadas por las autoridades estatales. \u201cNada m\u00e1s quiero que me [&hellip;]<\/p>\n","protected":false},"author":1,"featured_media":2218,"comment_status":"open","ping_status":"open","sticky":false,"template":"","format":"standard","meta":{"_jetpack_memberships_contains_paid_content":false,"footnotes":""},"categories":[3],"tags":[],"class_list":["post-2216","post","type-post","status-publish","format-standard","has-post-thumbnail","hentry","category-xalapa"],"jetpack_featured_media_url":"https:\/\/encuentroinformativo.com.mx\/wp-content\/uploads\/2020\/04\/E29A71F5-EFBA-4A23-9F3B-F90195FDF78E.jpeg","jetpack_sharing_enabled":true,"jetpack_likes_enabled":true,"amp_enabled":true,"_links":{"self":[{"href":"https:\/\/encuentroinformativo.com.mx\/index.php?rest_route=\/wp\/v2\/posts\/2216","targetHints":{"allow":["GET"]}}],"collection":[{"href":"https:\/\/encuentroinformativo.com.mx\/index.php?rest_route=\/wp\/v2\/posts"}],"about":[{"href":"https:\/\/encuentroinformativo.com.mx\/index.php?rest_route=\/wp\/v2\/types\/post"}],"author":[{"embeddable":true,"href":"https:\/\/encuentroinformativo.com.mx\/index.php?rest_route=\/wp\/v2\/users\/1"}],"replies":[{"embeddable":true,"href":"https:\/\/encuentroinformativo.com.mx\/index.php?rest_route=%2Fwp%2Fv2%2Fcomments&post=2216"}],"version-history":[{"count":1,"href":"https:\/\/encuentroinformativo.com.mx\/index.php?rest_route=\/wp\/v2\/posts\/2216\/revisions"}],"predecessor-version":[{"id":2219,"href":"https:\/\/encuentroinformativo.com.mx\/index.php?rest_route=\/wp\/v2\/posts\/2216\/revisions\/2219"}],"wp:featuredmedia":[{"embeddable":true,"href":"https:\/\/encuentroinformativo.com.mx\/index.php?rest_route=\/wp\/v2\/media\/2218"}],"wp:attachment":[{"href":"https:\/\/encuentroinformativo.com.mx\/index.php?rest_route=%2Fwp%2Fv2%2Fmedia&parent=2216"}],"wp:term":[{"taxonomy":"category","embeddable":true,"href":"https:\/\/encuentroinformativo.com.mx\/index.php?rest_route=%2Fwp%2Fv2%2Fcategories&post=2216"},{"taxonomy":"post_tag","embeddable":true,"href":"https:\/\/encuentroinformativo.com.mx\/index.php?rest_route=%2Fwp%2Fv2%2Ftags&post=2216"}],"curies":[{"name":"wp","href":"https:\/\/api.w.org\/{rel}","templated":true}]}}