{"id":22160,"date":"2022-01-11T14:08:37","date_gmt":"2022-01-11T20:08:37","guid":{"rendered":"https:\/\/encuentroinformativo.com.mx\/?p=22160"},"modified":"2022-01-11T14:08:39","modified_gmt":"2022-01-11T20:08:39","slug":"por-nevada-arriban-turistas-a-cofre-de-perote","status":"publish","type":"post","link":"https:\/\/encuentroinformativo.com.mx\/?p=22160","title":{"rendered":"Por nevada, arriban turistas a Cofre de Perote"},"content":{"rendered":"\n<p>Perote, Ver.- Este martes comenz\u00f3 el arribo de turistas al Cofre de Perote tras la primera nevada del a\u00f1o ocasionada por el Frente Fr\u00edo No.21.<\/p>\n\n\n\n<p>Ante lo cual se inici\u00f3 un operativo por parte de Protecci\u00f3n Civil municipal para el resguardo de visitantes que llegan a disfrutar del espect\u00e1culo.<\/p>\n\n\n\n<figure class=\"wp-block-image size-large\"><img loading=\"lazy\" decoding=\"async\" width=\"1024\" height=\"576\" src=\"https:\/\/encuentroinformativo.com.mx\/wp-content\/uploads\/2022\/01\/FA803851-F14D-41E4-B625-D723C9ABB2FD-1024x576.jpeg\" alt=\"\" class=\"wp-image-22162\" srcset=\"https:\/\/encuentroinformativo.com.mx\/wp-content\/uploads\/2022\/01\/FA803851-F14D-41E4-B625-D723C9ABB2FD-1024x576.jpeg 1024w, https:\/\/encuentroinformativo.com.mx\/wp-content\/uploads\/2022\/01\/FA803851-F14D-41E4-B625-D723C9ABB2FD-300x169.jpeg 300w, https:\/\/encuentroinformativo.com.mx\/wp-content\/uploads\/2022\/01\/FA803851-F14D-41E4-B625-D723C9ABB2FD-768x432.jpeg 768w, https:\/\/encuentroinformativo.com.mx\/wp-content\/uploads\/2022\/01\/FA803851-F14D-41E4-B625-D723C9ABB2FD.jpeg 1280w\" sizes=\"auto, (max-width: 1024px) 100vw, 1024px\" \/><\/figure>\n\n\n\n<figure class=\"wp-block-image size-large\"><img loading=\"lazy\" decoding=\"async\" width=\"1024\" height=\"576\" src=\"https:\/\/encuentroinformativo.com.mx\/wp-content\/uploads\/2022\/01\/FE88EE3F-48D3-45EE-A552-E408F1935461-1024x576.jpeg\" alt=\"\" class=\"wp-image-22163\" srcset=\"https:\/\/encuentroinformativo.com.mx\/wp-content\/uploads\/2022\/01\/FE88EE3F-48D3-45EE-A552-E408F1935461-1024x576.jpeg 1024w, https:\/\/encuentroinformativo.com.mx\/wp-content\/uploads\/2022\/01\/FE88EE3F-48D3-45EE-A552-E408F1935461-300x169.jpeg 300w, https:\/\/encuentroinformativo.com.mx\/wp-content\/uploads\/2022\/01\/FE88EE3F-48D3-45EE-A552-E408F1935461-768x432.jpeg 768w, https:\/\/encuentroinformativo.com.mx\/wp-content\/uploads\/2022\/01\/FE88EE3F-48D3-45EE-A552-E408F1935461.jpeg 1280w\" sizes=\"auto, (max-width: 1024px) 100vw, 1024px\" \/><\/figure>\n","protected":false},"excerpt":{"rendered":"<p>Perote, Ver.- Este martes comenz\u00f3 el arribo de turistas al Cofre de Perote tras la primera nevada del a\u00f1o ocasionada por el Frente Fr\u00edo No.21. Ante lo cual se inici\u00f3 un operativo por parte de Protecci\u00f3n Civil municipal para el resguardo de visitantes que llegan a disfrutar del espect\u00e1culo.<\/p>\n","protected":false},"author":1,"featured_media":22161,"comment_status":"open","ping_status":"open","sticky":false,"template":"","format":"standard","meta":{"_jetpack_memberships_contains_paid_content":false,"footnotes":""},"categories":[8],"tags":[],"class_list":["post-22160","post","type-post","status-publish","format-standard","has-post-thumbnail","hentry","category-region"],"jetpack_featured_media_url":"https:\/\/encuentroinformativo.com.mx\/wp-content\/uploads\/2022\/01\/6AA0CBB8-F57F-4636-894D-9CD8F72C4B92.jpeg","jetpack_sharing_enabled":true,"jetpack_likes_enabled":true,"amp_enabled":true,"_links":{"self":[{"href":"https:\/\/encuentroinformativo.com.mx\/index.php?rest_route=\/wp\/v2\/posts\/22160","targetHints":{"allow":["GET"]}}],"collection":[{"href":"https:\/\/encuentroinformativo.com.mx\/index.php?rest_route=\/wp\/v2\/posts"}],"about":[{"href":"https:\/\/encuentroinformativo.com.mx\/index.php?rest_route=\/wp\/v2\/types\/post"}],"author":[{"embeddable":true,"href":"https:\/\/encuentroinformativo.com.mx\/index.php?rest_route=\/wp\/v2\/users\/1"}],"replies":[{"embeddable":true,"href":"https:\/\/encuentroinformativo.com.mx\/index.php?rest_route=%2Fwp%2Fv2%2Fcomments&post=22160"}],"version-history":[{"count":1,"href":"https:\/\/encuentroinformativo.com.mx\/index.php?rest_route=\/wp\/v2\/posts\/22160\/revisions"}],"predecessor-version":[{"id":22164,"href":"https:\/\/encuentroinformativo.com.mx\/index.php?rest_route=\/wp\/v2\/posts\/22160\/revisions\/22164"}],"wp:featuredmedia":[{"embeddable":true,"href":"https:\/\/encuentroinformativo.com.mx\/index.php?rest_route=\/wp\/v2\/media\/22161"}],"wp:attachment":[{"href":"https:\/\/encuentroinformativo.com.mx\/index.php?rest_route=%2Fwp%2Fv2%2Fmedia&parent=22160"}],"wp:term":[{"taxonomy":"category","embeddable":true,"href":"https:\/\/encuentroinformativo.com.mx\/index.php?rest_route=%2Fwp%2Fv2%2Fcategories&post=22160"},{"taxonomy":"post_tag","embeddable":true,"href":"https:\/\/encuentroinformativo.com.mx\/index.php?rest_route=%2Fwp%2Fv2%2Ftags&post=22160"}],"curies":[{"name":"wp","href":"https:\/\/api.w.org\/{rel}","templated":true}]}}