{"id":22165,"date":"2022-01-11T14:18:20","date_gmt":"2022-01-11T20:18:20","guid":{"rendered":"https:\/\/encuentroinformativo.com.mx\/?p=22165"},"modified":"2022-01-11T14:18:24","modified_gmt":"2022-01-11T20:18:24","slug":"en-2022-veracruz-seguira-sin-recuperacion-economica-observatorio-de-finanzas","status":"publish","type":"post","link":"https:\/\/encuentroinformativo.com.mx\/?p=22165","title":{"rendered":"En 2022 Veracruz seguir\u00e1 sin recuperaci\u00f3n econ\u00f3mica: Observatorio de Finanzas"},"content":{"rendered":"\n<p><strong>Alejandro \u00c1vila<\/strong><\/p>\n\n\n\n<p>Boca del R\u00edo, Ver.- El 2022 no mostrar\u00e1 avances en la econom\u00eda de M\u00e9xico, pues es evidente que no ha habido una recuperaci\u00f3n real tras la pandemia de COVID-19, misma que hoy ataca en su cuarta ola de contagios, asegur\u00f3 Hilario Barcelata Ch\u00e1vez coordinador del Observatorio de Finanzas P\u00fablicas de la Universidad Veracruzana.<\/p>\n\n\n\n<p>Agreg\u00f3 que los empleos no se han podido recuperar al cien por ciento, pues muchas empresas que informaron har\u00edan un cierre temporal, no volvieron a abrir.<\/p>\n\n\n\n<p>Otro caso grave que afectar\u00e1 a la ciudadan\u00eda, dijo es el aumento de precios, no solo en la canasta b\u00e1sica, sino en diversos insumos, algo que ya se est\u00e1 viendo en los primeros d\u00edas del a\u00f1o; peor a\u00fan, destac\u00f3, es que no se vislumbra por parte del Gobierno o la iniciativa privada, cuando podr\u00eda resolverse esta situaci\u00f3n que tiene una inflaci\u00f3n al d\u00eda de hoy del 4.5 por ciento.<\/p>\n\n\n\n<p>Al respecto de la cuarta ola de COVID-19, mencion\u00f3 que el aumento desmedido de casos en la primera semana de enero y que se estima dure al menos dos semanas m\u00e1s, impacte en la econom\u00eda de la entidad veracruzana.<\/p>\n\n\n\n<p>Por ello, considero se debe tomar en cuenta el volver a hacer cierres parciales de comercios y zonas, para evitar un aumento en los contagios; y si bien esto afectar\u00e1 las ventas, ser\u00e1 beneficioso a mediado plazo.<\/p>\n","protected":false},"excerpt":{"rendered":"<p>Alejandro \u00c1vila Boca del R\u00edo, Ver.- El 2022 no mostrar\u00e1 avances en la econom\u00eda de M\u00e9xico, pues es evidente que no ha habido una recuperaci\u00f3n real tras la pandemia de COVID-19, misma que hoy ataca en su cuarta ola de contagios, asegur\u00f3 Hilario Barcelata Ch\u00e1vez coordinador del Observatorio de Finanzas P\u00fablicas de la Universidad Veracruzana. [&hellip;]<\/p>\n","protected":false},"author":1,"featured_media":22166,"comment_status":"open","ping_status":"open","sticky":false,"template":"","format":"standard","meta":{"_jetpack_memberships_contains_paid_content":false,"footnotes":""},"categories":[2],"tags":[],"class_list":["post-22165","post","type-post","status-publish","format-standard","has-post-thumbnail","hentry","category-estado"],"jetpack_featured_media_url":"https:\/\/encuentroinformativo.com.mx\/wp-content\/uploads\/2022\/01\/EEB1DF8B-EE8E-44E2-A60B-5A6CBEF09309.jpeg","jetpack_sharing_enabled":true,"jetpack_likes_enabled":true,"amp_enabled":true,"_links":{"self":[{"href":"https:\/\/encuentroinformativo.com.mx\/index.php?rest_route=\/wp\/v2\/posts\/22165","targetHints":{"allow":["GET"]}}],"collection":[{"href":"https:\/\/encuentroinformativo.com.mx\/index.php?rest_route=\/wp\/v2\/posts"}],"about":[{"href":"https:\/\/encuentroinformativo.com.mx\/index.php?rest_route=\/wp\/v2\/types\/post"}],"author":[{"embeddable":true,"href":"https:\/\/encuentroinformativo.com.mx\/index.php?rest_route=\/wp\/v2\/users\/1"}],"replies":[{"embeddable":true,"href":"https:\/\/encuentroinformativo.com.mx\/index.php?rest_route=%2Fwp%2Fv2%2Fcomments&post=22165"}],"version-history":[{"count":1,"href":"https:\/\/encuentroinformativo.com.mx\/index.php?rest_route=\/wp\/v2\/posts\/22165\/revisions"}],"predecessor-version":[{"id":22167,"href":"https:\/\/encuentroinformativo.com.mx\/index.php?rest_route=\/wp\/v2\/posts\/22165\/revisions\/22167"}],"wp:featuredmedia":[{"embeddable":true,"href":"https:\/\/encuentroinformativo.com.mx\/index.php?rest_route=\/wp\/v2\/media\/22166"}],"wp:attachment":[{"href":"https:\/\/encuentroinformativo.com.mx\/index.php?rest_route=%2Fwp%2Fv2%2Fmedia&parent=22165"}],"wp:term":[{"taxonomy":"category","embeddable":true,"href":"https:\/\/encuentroinformativo.com.mx\/index.php?rest_route=%2Fwp%2Fv2%2Fcategories&post=22165"},{"taxonomy":"post_tag","embeddable":true,"href":"https:\/\/encuentroinformativo.com.mx\/index.php?rest_route=%2Fwp%2Fv2%2Ftags&post=22165"}],"curies":[{"name":"wp","href":"https:\/\/api.w.org\/{rel}","templated":true}]}}