{"id":22168,"date":"2022-01-11T14:25:39","date_gmt":"2022-01-11T20:25:39","guid":{"rendered":"https:\/\/encuentroinformativo.com.mx\/?p=22168"},"modified":"2022-01-11T14:25:42","modified_gmt":"2022-01-11T20:25:42","slug":"realizan-limpieza-de-camellones-y-areas-verdes-en-accesos-a-ciudad-veracruz","status":"publish","type":"post","link":"https:\/\/encuentroinformativo.com.mx\/?p=22168","title":{"rendered":"Realizan limpieza de camellones y \u00e1reas verdes en accesos a ciudad Veracruz"},"content":{"rendered":"\n<p><strong>Alejandro \u00c1vila<\/strong><\/p>\n\n\n\n<p>Veracruz, Ver.- A pesar de ser zona federal, la direcci\u00f3n de Parques y Jard\u00ednes del Ayuntamiento de Veracruz, dispuso de cuadrillas de limpieza para trabajar en el camell\u00f3n y \u00e1reas verdes de la carretera Cabeza Olmeca &#8211; Tamaca.<\/p>\n\n\n\n<p>El director, Ricardo G\u00f3mez Valvidia, dijo que esa fue una de las peticiones m\u00e1s comunes en campa\u00f1a, y aunque es competencia de la Secretar\u00eda de Comunicaciones y Transportes (SCT), acudieron a solventar la petici\u00f3n ciudadana; una vez terminado el trabajo, continuar\u00e1n sus labores en el acceso por la zona de La Boticaria, ingreso al aeropuerto &#8220;Heriberto Jara Corona&#8221; y Rafael Cuervo en el acceso por la Veracruz.- Cardel.<\/p>\n\n\n\n<p>El funcionario municipal dijo que en \u00e9pocas de invierno la cuadrilla tarda en regresar a un punto casi un mes, mientras que en \u00e9poca de lluvias, solo 15 d\u00edas, pues la idea es tener mantenimiento constante.<\/p>\n\n\n\n<p>&#8220;Para nosotros ser\u00eda importante cada vez que ya va creciendo a una altura determinada volver a regresar para que no se dificulte, ahorita se dificult\u00f3 un poco, porque como estaba en total abandono por, en este caso la empresa que le paga la SCT, nos demoramos un poquito m\u00e1s&#8221;.<\/p>\n\n\n\n<p>&#8220;La instrucci\u00f3n es que el municipio demuestre que est\u00e1 trabajando, que la gente vea que a la entrada y a la salida del municipio est\u00e1 en buena condiciones, y la intenci\u00f3n es que desde el d\u00eda uno, hasta el d\u00eda que nos vayamos est\u00e9 en buenas condiciones, que se sienta segura, que pase por ah\u00ed, que haya iluminaci\u00f3n, que est\u00e9 limpio, que est\u00e9 pintado&#8221;, remat\u00f3.<\/p>\n","protected":false},"excerpt":{"rendered":"<p>Alejandro \u00c1vila Veracruz, Ver.- A pesar de ser zona federal, la direcci\u00f3n de Parques y Jard\u00ednes del Ayuntamiento de Veracruz, dispuso de cuadrillas de limpieza para trabajar en el camell\u00f3n y \u00e1reas verdes de la carretera Cabeza Olmeca &#8211; Tamaca. El director, Ricardo G\u00f3mez Valvidia, dijo que esa fue una de las peticiones m\u00e1s comunes [&hellip;]<\/p>\n","protected":false},"author":1,"featured_media":22169,"comment_status":"open","ping_status":"open","sticky":false,"template":"","format":"standard","meta":{"_jetpack_memberships_contains_paid_content":false,"footnotes":""},"categories":[2],"tags":[],"class_list":["post-22168","post","type-post","status-publish","format-standard","has-post-thumbnail","hentry","category-estado"],"jetpack_featured_media_url":"https:\/\/encuentroinformativo.com.mx\/wp-content\/uploads\/2022\/01\/71C95EEB-0425-4C33-A900-FD6FA5F33041.jpeg","jetpack_sharing_enabled":true,"jetpack_likes_enabled":true,"amp_enabled":true,"_links":{"self":[{"href":"https:\/\/encuentroinformativo.com.mx\/index.php?rest_route=\/wp\/v2\/posts\/22168","targetHints":{"allow":["GET"]}}],"collection":[{"href":"https:\/\/encuentroinformativo.com.mx\/index.php?rest_route=\/wp\/v2\/posts"}],"about":[{"href":"https:\/\/encuentroinformativo.com.mx\/index.php?rest_route=\/wp\/v2\/types\/post"}],"author":[{"embeddable":true,"href":"https:\/\/encuentroinformativo.com.mx\/index.php?rest_route=\/wp\/v2\/users\/1"}],"replies":[{"embeddable":true,"href":"https:\/\/encuentroinformativo.com.mx\/index.php?rest_route=%2Fwp%2Fv2%2Fcomments&post=22168"}],"version-history":[{"count":1,"href":"https:\/\/encuentroinformativo.com.mx\/index.php?rest_route=\/wp\/v2\/posts\/22168\/revisions"}],"predecessor-version":[{"id":22170,"href":"https:\/\/encuentroinformativo.com.mx\/index.php?rest_route=\/wp\/v2\/posts\/22168\/revisions\/22170"}],"wp:featuredmedia":[{"embeddable":true,"href":"https:\/\/encuentroinformativo.com.mx\/index.php?rest_route=\/wp\/v2\/media\/22169"}],"wp:attachment":[{"href":"https:\/\/encuentroinformativo.com.mx\/index.php?rest_route=%2Fwp%2Fv2%2Fmedia&parent=22168"}],"wp:term":[{"taxonomy":"category","embeddable":true,"href":"https:\/\/encuentroinformativo.com.mx\/index.php?rest_route=%2Fwp%2Fv2%2Fcategories&post=22168"},{"taxonomy":"post_tag","embeddable":true,"href":"https:\/\/encuentroinformativo.com.mx\/index.php?rest_route=%2Fwp%2Fv2%2Ftags&post=22168"}],"curies":[{"name":"wp","href":"https:\/\/api.w.org\/{rel}","templated":true}]}}